{"id":42237,"date":"2020-03-24T12:47:01","date_gmt":"2020-03-24T15:47:01","guid":{"rendered":"http:\/\/informeformosa.com.ar\/?p=42237"},"modified":"2020-03-25T13:32:16","modified_gmt":"2020-03-25T16:32:16","slug":"insfran-presidio-otra-del-reunion-del-consejo-de-atencion-integral-de-la-emergencia","status":"publish","type":"post","link":"http:\/\/informeformosa.com.ar\/?p=42237","title":{"rendered":"Insfr\u00e1n presidi\u00f3 otra del reuni\u00f3n del Consejo  de Atenci\u00f3n Integral de la Emergencia"},"content":{"rendered":"\n<p><em>*En\nla provincia hay 644 en cuarentena obligatoria sometidas al protocolo sanitario\nbajo control policial y de agentes de salud.<\/em><\/p>\n\n\n\n<p><em>*<\/em>\n<em>Se inici\u00f3 una causa penal por\nfalsificaci\u00f3n ideol\u00f3gica de instrumento p\u00fablico del certificado de circulaci\u00f3n.<\/em><\/p>\n\n\n\n<p>* <em>Se est\u00e1\nredise\u00f1ando la p\u00e1gina web con mayores exigencias para la expedici\u00f3n del\ncertificado.<\/em><\/p>\n\n\n\n<p>* <em>En los\ncontroles policiales, se exigir\u00e1 el Documento Nacional de Identidad de las\npersonas adem\u00e1s del certificado.<\/em><\/p>\n\n\n\n<p>Se realiz\u00f3 este martes una reuni\u00f3n del Consejo de\nAtenci\u00f3n Integral de la Emergencia Covid-19, presidida, como todas las\nreuniones anteriores, por el Gobernador de la Provincia Dr. Gildo Insfr\u00e1n. <br>\nEn la misma se monitore\u00f3 la situaci\u00f3n sanitaria de la provincia y de la Naci\u00f3n,\ncon particular atenci\u00f3n a las incidencias que puedan tener en el territorio\nprovincial. <\/p>\n\n\n\n<p>\u201cQueremos destacar la comunicaci\u00f3n permanente que el\nGobernador mantiene con las autoridades nacionales y con los intendentes y\ncomisiones de fomento de nuestra provincia, instando en todo momento a un\ntrabajo planificado y coordinado de todos los estamentos del Estado en defensa\nde la salud p\u00fablica de los formose\u00f1os\u201d se\u00f1al\u00f3 el ministro de Gobierno Jorge\nGonz\u00e1lez, durante la habitual conferencia de prensa.<\/p>\n\n\n\n<p>El parte diario indic\u00f3 que la provincia mantiene un\n\u00fanico caso sospechoso por coronavirus con aislamiento hospitalario y buena\nevoluci\u00f3n del paciente.<\/p>\n\n\n\n<p>Adem\u00e1s del aislamiento social preventivo y\nobligatorio que debe realizar toda la ciudadan\u00eda, en la provincia \u201chay 644\npersonas con cuarentena obligatoria, sometidas al protocolo sanitario bajo\ncontrol por parte de la Polic\u00eda provincial y de los agentes de nuestro sistema\nde salud\u201d. En la ciudad capital son 373 personas en esta condici\u00f3n y 271 en el\ninterior.<\/p>\n\n\n\n<p><strong>Control\nde precios<\/strong><\/p>\n\n\n\n<p>Asimismo se inform\u00f3 que se realiz\u00f3 una reuni\u00f3n\nrelativa al control de precios con la Federaci\u00f3n Econ\u00f3mica, representantes de\nla Confederaci\u00f3n Argentina de la Mediana Empresa (CAME) y de la Federaci\u00f3n\nFarmac\u00e9utica, la Defensor\u00eda del Pueblo y la Subsecretar\u00eda de Defensa del\nConsumidor y Usuario. <\/p>\n\n\n\n<p>En la misma se explicaron las medidas de control de\nprecios vigentes en todo el pa\u00eds, con especial \u00e9nfasis en comestibles, medicamentos,\nlimpieza y art\u00edculos de primera necesidad, apel\u00e1ndose a la colaboraci\u00f3n y la responsabilidad\nempresarial para cumplir con las mismas. <br>\nSe comunic\u00f3, asimismo, que el Gobierno de la Provincia ser\u00e1 implacable en\ncombatir los abusos que pudieran darse en cualquier lugar del territorio\nprovincial, utilizando todas las herramientas legales disponibles para hacer cumplir\nlas disposiciones sobre control de precios.<\/p>\n\n\n\n<p>\u201cInstamos a la poblaci\u00f3n a denunciar abusos e\nincumplimientos al respecto, denunciando por medio telef\u00f3nico o digital ante la\nDefensor\u00eda del Pueblo y\/o la Subsecretar\u00eda de Defensa al Consumidor y Usuario\u201d\npidi\u00f3 el Consejo.<\/p>\n\n\n\n<p><strong>Ingresos\ny controles en la v\u00eda p\u00fablica<\/strong><\/p>\n\n\n\n<p>El parte inform\u00f3 que el d\u00eda lunes ingresaron a la\nprovincia 335 personas y 164 veh\u00edculos, de los cuales 74 eran camiones de carga\nexceptuados de la circulaci\u00f3n restringida por la normativa legal para\ngarantizar el abastecimiento de la poblaci\u00f3n. Ninguna de las personas controladas\npresent\u00f3 s\u00edntomas compatibles con coronavirus. <br>\nSe reiter\u00f3 que, salvo las excepciones expresamente previstas en la ley, todas\nlas personas que ingresen a la provincia deber\u00e1n realizar estricto aislamiento\nobligatorio por 14 d\u00edas sin contacto con terceras personas, y en caso de\nviolaci\u00f3n de esta medida, se iniciar\u00e1n las causas penales correspondientes.<\/p>\n\n\n\n<p>Asimismo, &nbsp;fueron\ncontroladas 3.919 personas en la v\u00eda p\u00fablica en el marco de la tarea preventiva\nque lleva adelante la Polic\u00eda de la Provincia en todas las localidades. Fueron\ndetenidas 737 personas por incumplir las restricciones de circulaci\u00f3n,\ninici\u00e1ndose las causas penales correspondientes.<\/p>\n\n\n\n<p>\u201cSe advirtieron irregularidades con los certificados\nde excepci\u00f3n a la circulaci\u00f3n restringida. En ese sentido, se inici\u00f3 una causa\npenal por falsificaci\u00f3n ideol\u00f3gica de instrumento p\u00fablico. Ante este hecho, estamos\ncruzando datos de la totalidad de las personas y empresas que solicitaron el\ncertificado con las bases de datos de la AFIP, la Direcci\u00f3n General de Rentas y\nel Registro Nacional de las Personas, a los fines de detectar otras\nirregularidades\u201d advirti\u00f3. <\/p>\n\n\n\n<p>Es por ello, que \u201cEn este momento estamos redise\u00f1ando\nla p\u00e1gina web con mayores exigencias para la expedici\u00f3n de dicho certificado.\nEn los controles policiales, se exigir\u00e1 el Documento Nacional de Identidad de\nlas personas adem\u00e1s del certificado, a los fines probatorios de la veracidad de\nlos datos consignados en el mismo\u201d.<\/p>\n\n\n\n<p>El Consejo destac\u00f3 \u201cla responsabilidad social\ndemostrada por la gran mayor\u00eda de la poblaci\u00f3n formose\u00f1a en defensa de la vida\ny la salud p\u00fablica. En particular, resaltamos la alta conciencia de nuestras comunidades\nind\u00edgenas en la implementaci\u00f3n de las medidas sanitarias dispuestas para\nprevenir esta pandemia\u201d.<\/p>\n\n\n\n<p>\u201cHoy conmemoramos el D\u00eda de la Memoria para la\nVerdad y la Justicia. 30.000 desaparecidos y desaparecidas est\u00e1n presentes en cada\nargentino que se compromete con la vida y hoy, ese compromiso, significa\nquedarse en casa. Nunca M\u00e1s\u201d subrayaron.<\/p>\n","protected":false},"excerpt":{"rendered":"<p>*En la provincia hay 644 en cuarentena obligatoria sometidas al protocolo sanitario bajo control policial y de agentes de salud. * Se inici\u00f3 una causa penal por falsificaci\u00f3n ideol\u00f3gica de instrumento p\u00fablico del certificado de circulaci\u00f3n. * Se est\u00e1 redise\u00f1ando la p\u00e1gina web con mayores exigencias para la expedici\u00f3n del certificado. * En los controles [&hellip;]<\/p>\n","protected":false},"author":11,"featured_media":42245,"comment_status":"open","ping_status":"open","sticky":false,"template":"","format":"standard","meta":{"footnotes":""},"categories":[11],"tags":[],"class_list":["post-42237","post","type-post","status-publish","format-standard","has-post-thumbnail","hentry","category-interior"],"_links":{"self":[{"href":"http:\/\/informeformosa.com.ar\/index.php?rest_route=\/wp\/v2\/posts\/42237","targetHints":{"allow":["GET"]}}],"collection":[{"href":"http:\/\/informeformosa.com.ar\/index.php?rest_route=\/wp\/v2\/posts"}],"about":[{"href":"http:\/\/informeformosa.com.ar\/index.php?rest_route=\/wp\/v2\/types\/post"}],"author":[{"embeddable":true,"href":"http:\/\/informeformosa.com.ar\/index.php?rest_route=\/wp\/v2\/users\/11"}],"replies":[{"embeddable":true,"href":"http:\/\/informeformosa.com.ar\/index.php?rest_route=%2Fwp%2Fv2%2Fcomments&post=42237"}],"version-history":[{"count":1,"href":"http:\/\/informeformosa.com.ar\/index.php?rest_route=\/wp\/v2\/posts\/42237\/revisions"}],"predecessor-version":[{"id":42246,"href":"http:\/\/informeformosa.com.ar\/index.php?rest_route=\/wp\/v2\/posts\/42237\/revisions\/42246"}],"wp:featuredmedia":[{"embeddable":true,"href":"http:\/\/informeformosa.com.ar\/index.php?rest_route=\/wp\/v2\/media\/42245"}],"wp:attachment":[{"href":"http:\/\/informeformosa.com.ar\/index.php?rest_route=%2Fwp%2Fv2%2Fmedia&parent=42237"}],"wp:term":[{"taxonomy":"category","embeddable":true,"href":"http:\/\/informeformosa.com.ar\/index.php?rest_route=%2Fwp%2Fv2%2Fcategories&post=42237"},{"taxonomy":"post_tag","embeddable":true,"href":"http:\/\/informeformosa.com.ar\/index.php?rest_route=%2Fwp%2Fv2%2Ftags&post=42237"}],"curies":[{"name":"wp","href":"https:\/\/api.w.org\/{rel}","templated":true}]}}