{"id":42235,"date":"2020-03-24T12:43:26","date_gmt":"2020-03-24T15:43:26","guid":{"rendered":"http:\/\/informeformosa.com.ar\/?p=42235"},"modified":"2020-03-25T13:19:59","modified_gmt":"2020-03-25T16:19:59","slug":"maestros-mema-colaboran-en-la-difusion-para-prevenir-el-covid-19-en-comunidades-aborigenes","status":"publish","type":"post","link":"http:\/\/informeformosa.com.ar\/?p=42235","title":{"rendered":"Maestros MEMA colaboran en la difusi\u00f3n para prevenir el Covid-19 en comunidades abor\u00edgenes"},"content":{"rendered":"\n<p>El profesor Adri\u00e1n Aranda, coordinador\nprovincial de Educaci\u00f3n Intercultural Biling\u00fce (EIB) inform\u00f3 que desde la\nentidad se trabaja con los maestros MEMA (maestros de educaci\u00f3n de modalidad\naborigen), para hacer llegar informaci\u00f3n certera sobre el coronavirus y las\nmedidas de prevenci\u00f3n en cada lengua materna.<\/p>\n\n\n\n<p>En este sentido coment\u00f3 que \u201cdurante las dos\nprimeras semanas nos hemos organizado con los docentes ind\u00edgenas de nuestras\nescuelas intercultural biling\u00fce para llevar informaci\u00f3n precisa, cient\u00edfica,\nque pueda aportar claridad a cada una de las comunidades\u201d.<\/p>\n\n\n\n<p>Aranda destac\u00f3 que son mensajes transmitidos\nen sus lenguas maternas sobre la pandemia del covid-19, \u201cmedidas de prevenci\u00f3n,\ncuidados que tener en esta cuarentena, sobre todo entender que hay que cumplir\ncon esta cuarentena que es fundamental para nosotros y para todo el pa\u00eds\u201d.<\/p>\n\n\n\n<p>Refiri\u00f3 al rol de los docentes MEMA como\n\u201cfundamental para compartir claramente la informaci\u00f3n; y tambi\u00e9n realizan un\ntrabajo articulado con las iglesias y con los agentes sanitarios de sus propias\ncomunidades en la concientizaci\u00f3n de esta pandemia\u201d; subray\u00f3 que los\nestudiantes hacen lo propio con sus mayores en sus casas, \u201ccreando un\ndispositivo que nos permite cuidarnos\u201d. <\/p>\n\n\n\n<p><strong>Estudiar\nen casa<\/strong><\/p>\n\n\n\n<p>Tras la suspensi\u00f3n de clases en el marco de la\npandemia de coronavirus, las nuevas tecnolog\u00edas nos proveen de oportunidades\npara que ense\u00f1ar y aprender tomen una nueva dimensi\u00f3n, Aranda dijo que \u201cno\npodemos descuidar el proceso de ense\u00f1anza &#8211; aprendizaje de los estudiantes\u201d, y\ncomienza el desaf\u00edo de utilizar la tecnolog\u00eda no como mero entretenimiento,\nsino con un fin pedag\u00f3gico. <\/p>\n\n\n\n<p>En este marco el coordinador EIB remarc\u00f3 que &nbsp;\u201ces todo un desaf\u00edo para los docentes ya que\nel 70 por ciento de las escuelas se encuentran en zonas rurales, se est\u00e1n\norganizando de diferentes maneras algunas enviando los trabajos por WhatsApp,\notras entregando fotocopias, cartillas, siempre acompa\u00f1adas por el Ministerio de\nCultura y Educaci\u00f3n, por el Estado que pone todo a disposici\u00f3n para garantizar\nel servicio educativo\u201d.<\/p>\n\n\n\n<p>Puso en valor la decisi\u00f3n pol\u00edtica del Estado\nprovincial en soterrar 2 mil kil\u00f3metros de fibra \u00f3ptica y 300 kil\u00f3metros de\ntorres para la conexi\u00f3n inal\u00e1mbrica de los diferentes parajes, \u201cen un momento\ncomo \u00e9ste es cuando se valoran las obras estrat\u00e9gicas que tiene la provincia de\nFormosa&nbsp; y permiten el desarrollo de las\ndistintas localidades\u201d.<\/p>\n\n\n\n<p>\u201cSi no estuviera la red de fibra \u00f3ptica en\neste momento tendr\u00edamos otro problema -como el de hacer llegar la informaci\u00f3n y\nlas actividades a los estudiantes- hay muchos lugares que se han beneficiado y\nque hoy pueden utilizar esa herramienta para ponerla al servicio de las\nescuelas\u201d, continu\u00f3 Aranda.<\/p>\n\n\n\n<p>Para finalizar, coment\u00f3 que se baraja la\nposibilidad de habilitar las bibliotecas para permitir a los estudiantes llevar\nlos libros que necesiten en este periodo, \u201cestamos hablando con los directivos\npara que tambi\u00e9n se puedan habilitar las bibliotecas en calidad de pr\u00e9stamos de\nlibros, y que cuando el estudiante pasa a retirar su vianda se lleve un\nejemplar para fortalecer su trayectoria educativa\u201d.<\/p>\n\n\n\n<p>\u201cLos comedores escolares funcionan en cada\ncomunidad, y en este contexto nos llena de satisfacci\u00f3n que est\u00e9 garantizado el\nservicio nutricional y el educativo\u201d, cerr\u00f3.<\/p>\n","protected":false},"excerpt":{"rendered":"<p>El profesor Adri\u00e1n Aranda, coordinador provincial de Educaci\u00f3n Intercultural Biling\u00fce (EIB) inform\u00f3 que desde la entidad se trabaja con los maestros MEMA (maestros de educaci\u00f3n de modalidad aborigen), para hacer llegar informaci\u00f3n certera sobre el coronavirus y las medidas de prevenci\u00f3n en cada lengua materna. En este sentido coment\u00f3 que \u201cdurante las dos primeras semanas [&hellip;]<\/p>\n","protected":false},"author":11,"featured_media":42241,"comment_status":"open","ping_status":"open","sticky":false,"template":"","format":"standard","meta":{"footnotes":""},"categories":[12],"tags":[],"class_list":["post-42235","post","type-post","status-publish","format-standard","has-post-thumbnail","hentry","category-salud"],"_links":{"self":[{"href":"http:\/\/informeformosa.com.ar\/index.php?rest_route=\/wp\/v2\/posts\/42235","targetHints":{"allow":["GET"]}}],"collection":[{"href":"http:\/\/informeformosa.com.ar\/index.php?rest_route=\/wp\/v2\/posts"}],"about":[{"href":"http:\/\/informeformosa.com.ar\/index.php?rest_route=\/wp\/v2\/types\/post"}],"author":[{"embeddable":true,"href":"http:\/\/informeformosa.com.ar\/index.php?rest_route=\/wp\/v2\/users\/11"}],"replies":[{"embeddable":true,"href":"http:\/\/informeformosa.com.ar\/index.php?rest_route=%2Fwp%2Fv2%2Fcomments&post=42235"}],"version-history":[{"count":1,"href":"http:\/\/informeformosa.com.ar\/index.php?rest_route=\/wp\/v2\/posts\/42235\/revisions"}],"predecessor-version":[{"id":42242,"href":"http:\/\/informeformosa.com.ar\/index.php?rest_route=\/wp\/v2\/posts\/42235\/revisions\/42242"}],"wp:featuredmedia":[{"embeddable":true,"href":"http:\/\/informeformosa.com.ar\/index.php?rest_route=\/wp\/v2\/media\/42241"}],"wp:attachment":[{"href":"http:\/\/informeformosa.com.ar\/index.php?rest_route=%2Fwp%2Fv2%2Fmedia&parent=42235"}],"wp:term":[{"taxonomy":"category","embeddable":true,"href":"http:\/\/informeformosa.com.ar\/index.php?rest_route=%2Fwp%2Fv2%2Fcategories&post=42235"},{"taxonomy":"post_tag","embeddable":true,"href":"http:\/\/informeformosa.com.ar\/index.php?rest_route=%2Fwp%2Fv2%2Ftags&post=42235"}],"curies":[{"name":"wp","href":"https:\/\/api.w.org\/{rel}","templated":true}]}}