{"id":42184,"date":"2020-03-21T23:04:38","date_gmt":"2020-03-22T02:04:38","guid":{"rendered":"http:\/\/informeformosa.com.ar\/?p=42184"},"modified":"2020-03-21T23:04:41","modified_gmt":"2020-03-22T02:04:41","slug":"para-desplazarse-es-necesario-el-formulario-para-circulacion-restringida-covid-19","status":"publish","type":"post","link":"http:\/\/informeformosa.com.ar\/?p=42184","title":{"rendered":"Para desplazarse es necesario el Formulario para Circulaci\u00f3n Restringida COVID-19"},"content":{"rendered":"\n<p>En el marco de un nuevo parte de prensa realizado por el\nConsejo de Atenci\u00f3n Integral a la Emergencia COVID-19, el ministro de Gobierno,\nJusticia, Seguridad y Trabajo, Jorge Abel Gonz\u00e1lez, inform\u00f3 que aquellas\npersonas exceptuadas de realizar el aislamiento preventivo obligatorio deber\u00e1n presentar\nun <em>formulario para circulaci\u00f3n\nrestringida <\/em>que debe ser gestionado en la p\u00e1gina web <a href=\"http:\/\/www.formosa.gob.ar\">www.formosa.gob.ar<\/a>. <\/p>\n\n\n\n<p>\u201cA los fines de acreditar las excepciones al aislamiento\npreventivo y obligatorio previstas en el art\u00edculo 6\u00ba del DNU presidencial se\nexigir\u00e1 en los controles el certificado de circulaci\u00f3n, que puede ser\ngestionado en <a href=\"https:\/\/www.formosa.gob.ar\/formularioedecreto297\">https:\/\/www.formosa.gob.ar\/formularioedecreto297<\/a>\n, ese certificado tiene car\u00e1cter de declaraci\u00f3n jurada y su utilizaci\u00f3n indebida\nser\u00e1 denunciada penalmente\u201d, asegur\u00f3 el ministro.&nbsp;&nbsp;<\/p>\n\n\n\n<p>Record\u00f3 el funcionario que hay actividades esenciales que\nest\u00e1n exceptuadas de cumplir la cuarentena obligatoria, el personal deber\u00e1\ndescargar el formulario y validarlo ante un superior de \u00e1rea para presentarlo\ncomo constancia ante los controles, \u201cTenemos las excepciones previstas en la norma\ny hay actividades que son esenciales salud, seguridad, servicios informativos,\nque requieren tener una autorizaci\u00f3n especial para circular, por otra parte\nest\u00e1n los empleados de supermercados, entre otros; esa autorizaci\u00f3n la pueden\ngestionar ante el Gobierno de la provincia de Formosa de manera digital, la\ndescargan y la firma una de las autoridades de sus medios, de sus organismos,\nde las empresas en las que trabajan y es constancia suficiente ante los\ncontroles\u201d.<\/p>\n\n\n\n<p>Gonz\u00e1lez hizo hincapi\u00e9 en que en caso de no\nposeer el Formulario para Circulaci\u00f3n Restringida COVID-19, no se puede\ncircular y adem\u00e1s se realizar\u00e1 la sanci\u00f3n contravencional\ncorrespondiente.&nbsp;<\/p>\n\n\n\n<p>Sobre el desplazamiento en relaci\u00f3n a la necesidad de\ncompras, indic\u00f3 que \u201cno requieren de una autorizaci\u00f3n especial\u201d, pero s\u00ed de un\n\u201calto compromiso de responsabilidad social\u201d, recalc\u00f3 que \u201caquellas personas que\ntienen que ir a comprar alimentos, remedios, o elementos de limpieza, deben\nrespetar el concepto que maneja el DNU, de la compra cercana; no es una salida\nde compras a cualquier lugar, por lo tanto la compra debe ser realizada en el\nnegocio o comercio m\u00e1s cercano al domicilio\u201d.&nbsp;<\/p>\n\n\n\n<p>\u201cEstamos en un proceso de acostumbramiento y es alto el\nacatamiento, ha mermado much\u00edsima la circulaci\u00f3n y la cantidad de personas que\ningresan a nuestra provincia\u201d, destac\u00f3 el ministro, a la vez que pidi\u00f3\n\u201cresponsabilidad\u201d ya que \u201ctodav\u00eda vemos personas que salen a pasear, a caminar\ncon ropa deportiva por las avenidas, que sacan a pasear al perro, estamos en un\nmomento que todos debemos cuidarnos, esto no es capricho\u201d.<\/p>\n\n\n\n<p>Para finalizar, dijo que \u201cesta es una situaci\u00f3n especial que requiere\nque llevemos adelante una alta conciencia social de responsabilidad, y lo mejor\nque podemos hacer es quedarnos en casa. Habr\u00e1 sanciones\nprevistas en la legislaci\u00f3n provincial para aquellas personas que no cumplan\ncon la norma establecida\u201d.<\/p>\n","protected":false},"excerpt":{"rendered":"<p>En el marco de un nuevo parte de prensa realizado por el Consejo de Atenci\u00f3n Integral a la Emergencia COVID-19, el ministro de Gobierno, Justicia, Seguridad y Trabajo, Jorge Abel Gonz\u00e1lez, inform\u00f3 que aquellas personas exceptuadas de realizar el aislamiento preventivo obligatorio deber\u00e1n presentar un formulario para circulaci\u00f3n restringida que debe ser gestionado en la [&hellip;]<\/p>\n","protected":false},"author":11,"featured_media":42195,"comment_status":"open","ping_status":"open","sticky":false,"template":"","format":"standard","meta":{"footnotes":""},"categories":[12],"tags":[22],"class_list":["post-42184","post","type-post","status-publish","format-standard","has-post-thumbnail","hentry","category-salud","tag-destacado"],"_links":{"self":[{"href":"http:\/\/informeformosa.com.ar\/index.php?rest_route=\/wp\/v2\/posts\/42184","targetHints":{"allow":["GET"]}}],"collection":[{"href":"http:\/\/informeformosa.com.ar\/index.php?rest_route=\/wp\/v2\/posts"}],"about":[{"href":"http:\/\/informeformosa.com.ar\/index.php?rest_route=\/wp\/v2\/types\/post"}],"author":[{"embeddable":true,"href":"http:\/\/informeformosa.com.ar\/index.php?rest_route=\/wp\/v2\/users\/11"}],"replies":[{"embeddable":true,"href":"http:\/\/informeformosa.com.ar\/index.php?rest_route=%2Fwp%2Fv2%2Fcomments&post=42184"}],"version-history":[{"count":2,"href":"http:\/\/informeformosa.com.ar\/index.php?rest_route=\/wp\/v2\/posts\/42184\/revisions"}],"predecessor-version":[{"id":42198,"href":"http:\/\/informeformosa.com.ar\/index.php?rest_route=\/wp\/v2\/posts\/42184\/revisions\/42198"}],"wp:featuredmedia":[{"embeddable":true,"href":"http:\/\/informeformosa.com.ar\/index.php?rest_route=\/wp\/v2\/media\/42195"}],"wp:attachment":[{"href":"http:\/\/informeformosa.com.ar\/index.php?rest_route=%2Fwp%2Fv2%2Fmedia&parent=42184"}],"wp:term":[{"taxonomy":"category","embeddable":true,"href":"http:\/\/informeformosa.com.ar\/index.php?rest_route=%2Fwp%2Fv2%2Fcategories&post=42184"},{"taxonomy":"post_tag","embeddable":true,"href":"http:\/\/informeformosa.com.ar\/index.php?rest_route=%2Fwp%2Fv2%2Ftags&post=42184"}],"curies":[{"name":"wp","href":"https:\/\/api.w.org\/{rel}","templated":true}]}}