{"id":42180,"date":"2020-03-21T22:50:51","date_gmt":"2020-03-22T01:50:51","guid":{"rendered":"http:\/\/informeformosa.com.ar\/?p=42180"},"modified":"2020-03-21T22:50:54","modified_gmt":"2020-03-22T01:50:54","slug":"decima-superviso-la-puesta-a-punto-de-nuevos-puestos-de-terapia-intensiva-en-diferentes-lugares-de-la-provincia","status":"publish","type":"post","link":"http:\/\/informeformosa.com.ar\/?p=42180","title":{"rendered":"D\u00e9cima supervis\u00f3 la puesta a punto de nuevos puestos de terapia intensiva en diferentes lugares de la provincia"},"content":{"rendered":"\n<p>Con el objetivo de estar preparados\nante la aparici\u00f3n de m\u00e1s casos sospechosos de coronavirus y de las\ncomplicaciones respiratorias que pudieran surgir en este contexto, el ministro\nde Desarrollo Humano de la provincia, Dr. Jos\u00e9 Luis D\u00e9cima supervis\u00f3 cada uno\nde los lugares donde se instalan nuevos puestos de Unidad de Terapia Intensiva.<\/p>\n\n\n\n<p>La mayor\u00eda de estos puestos est\u00e1n\npr\u00e1cticamente listos. \u201cEstamos trabajando con los diferentes puestos provinciales,\naumentando las capacidades e incorporando tecnolog\u00eda de \u00faltima generaci\u00f3n\u201d,\nexplic\u00f3 el titular de la cartera sanitaria local.<\/p>\n\n\n\n<p>Con esta acci\u00f3n, el gobierno de la\nprovincia de Formosa pretende \u201cganar tiempo\u201d en esta lucha contra \u201cun enemigo\ninvisible\u201d, como lo afirmara el presidente de la Naci\u00f3n, Alberto Fern\u00e1ndez.<\/p>\n\n\n\n<p>Cada nueva Unidad de Terapia\nIntensiva estar\u00e1 dotada de un respirador, un monitor multiparam\u00e9trico que\npermite el seguimiento de los pacientes en todas sus funciones, saturometr\u00eda,\nelectrocardiograf\u00eda, temperatura, presi\u00f3n invasiva y no invasiva. Los respiradores\ntambi\u00e9n pueden realizar ventilaci\u00f3n invasiva y no invasiva con todos los modos\nrespiratorios. <\/p>\n\n\n\n<p>Adem\u00e1s, desde la cartera sanitaria\nprovincial se provee al puesto con dos bombas de infusi\u00f3n de medicamentos por\nv\u00eda intravenosa, tambi\u00e9n a estas unidades se la dota con un carro de paro\nespec\u00edfico con amb\u00fa, desfibrilador, y todo lo concerniente al carro de paro\npara eventual reanimaci\u00f3n. <\/p>\n\n\n\n<p>En estos casos son unidades de\ncuidados intensivos cr\u00edticos, tienen toda la posibilidad de todos los gases\nmedicinales y las prestaciones de una unidad de terapia intensiva y la\nincorporaci\u00f3n de equipamiento de soporte de vida.<\/p>\n\n\n\n<p>Este equipamiento viene a\ncomplementar las unidades y equipos que hoy est\u00e1n funcionando en los hospitales\ncomo unidades cr\u00edticas, es decir, que se suman al total de camas de unidades\nque se encuentran en la provincia, independiz\u00e1ndose para esta atenci\u00f3n en estos\npuestos. <\/p>\n\n\n\n<p>Como siempre, desde Salud se\nrecuerda a la poblaci\u00f3n, que en este momento, la mejor y m\u00e1s efectiva medida\npreventiva es el distanciamiento social.<\/p>\n","protected":false},"excerpt":{"rendered":"<p>Con el objetivo de estar preparados ante la aparici\u00f3n de m\u00e1s casos sospechosos de coronavirus y de las complicaciones respiratorias que pudieran surgir en este contexto, el ministro de Desarrollo Humano de la provincia, Dr. Jos\u00e9 Luis D\u00e9cima supervis\u00f3 cada uno de los lugares donde se instalan nuevos puestos de Unidad de Terapia Intensiva. La [&hellip;]<\/p>\n","protected":false},"author":11,"featured_media":42190,"comment_status":"open","ping_status":"open","sticky":false,"template":"","format":"standard","meta":{"footnotes":""},"categories":[12],"tags":[],"class_list":["post-42180","post","type-post","status-publish","format-standard","has-post-thumbnail","hentry","category-salud"],"_links":{"self":[{"href":"http:\/\/informeformosa.com.ar\/index.php?rest_route=\/wp\/v2\/posts\/42180","targetHints":{"allow":["GET"]}}],"collection":[{"href":"http:\/\/informeformosa.com.ar\/index.php?rest_route=\/wp\/v2\/posts"}],"about":[{"href":"http:\/\/informeformosa.com.ar\/index.php?rest_route=\/wp\/v2\/types\/post"}],"author":[{"embeddable":true,"href":"http:\/\/informeformosa.com.ar\/index.php?rest_route=\/wp\/v2\/users\/11"}],"replies":[{"embeddable":true,"href":"http:\/\/informeformosa.com.ar\/index.php?rest_route=%2Fwp%2Fv2%2Fcomments&post=42180"}],"version-history":[{"count":1,"href":"http:\/\/informeformosa.com.ar\/index.php?rest_route=\/wp\/v2\/posts\/42180\/revisions"}],"predecessor-version":[{"id":42191,"href":"http:\/\/informeformosa.com.ar\/index.php?rest_route=\/wp\/v2\/posts\/42180\/revisions\/42191"}],"wp:featuredmedia":[{"embeddable":true,"href":"http:\/\/informeformosa.com.ar\/index.php?rest_route=\/wp\/v2\/media\/42190"}],"wp:attachment":[{"href":"http:\/\/informeformosa.com.ar\/index.php?rest_route=%2Fwp%2Fv2%2Fmedia&parent=42180"}],"wp:term":[{"taxonomy":"category","embeddable":true,"href":"http:\/\/informeformosa.com.ar\/index.php?rest_route=%2Fwp%2Fv2%2Fcategories&post=42180"},{"taxonomy":"post_tag","embeddable":true,"href":"http:\/\/informeformosa.com.ar\/index.php?rest_route=%2Fwp%2Fv2%2Ftags&post=42180"}],"curies":[{"name":"wp","href":"https:\/\/api.w.org\/{rel}","templated":true}]}}