{"id":42179,"date":"2020-03-21T22:47:26","date_gmt":"2020-03-22T01:47:26","guid":{"rendered":"http:\/\/informeformosa.com.ar\/?p=42179"},"modified":"2020-03-21T22:47:29","modified_gmt":"2020-03-22T01:47:29","slug":"coronavirus-destacan-decisiones-y-medidas-adoptadas-por-la-nacion","status":"publish","type":"post","link":"http:\/\/informeformosa.com.ar\/?p=42179","title":{"rendered":"Coronavirus: Destacan decisiones y medidas adoptadas por la Naci\u00f3n"},"content":{"rendered":"\n<p>Desde la Secretar\u00eda de Ciencia y Tecnolog\u00eda se puso\nen valor las f\u00e9rreas decisiones y medidas de prevenci\u00f3n con conciencia social\ndispuestas por el presidente Alberto Fern\u00e1ndez para combatir la pandemia del\ncoronavirus (COVID-19), a las que la provincia de Formosa adhiri\u00f3 a trav\u00e9s del\ngobernador Gildo Insfr\u00e1n y en acuerdo de ministros.<\/p>\n\n\n\n<p>\u201cLo que me interesa recalcar es que ante una\nsituaci\u00f3n mundial de esta naturaleza se podr\u00eda intervenir de diferentes\nmaneras, pero todo depende de las concepciones ideol\u00f3gicas que tenga cada\nGobierno acerca de lo que es el Estado\u201d, remarc\u00f3 el ingeniero Lino Princich,\ndirector de Promoci\u00f3n y Vinculaci\u00f3n Cient\u00edfica de la Secretar\u00eda de Ciencia y\nTecnolog\u00eda.<\/p>\n\n\n\n<p>Contrast\u00f3 que \u201cpodemos tener una concepci\u00f3n del\nmercado, comprando medicamentos y tratando de revenderlos, aprovechando&nbsp; la situaci\u00f3n, o bien podemos tener un\nGobierno Nacional como el que tenemos, el cual trabaja sobre la conciencia\nsocial, tratando de cambiar h\u00e1bitos en la sociedad, a los efectos de disminuir\nla circulaci\u00f3n del virus, el riesgo y las consecuencias para nuestro pueblo\u201d.<\/p>\n\n\n\n<p>En ese sentido, destac\u00f3 que \u201cya se est\u00e1 trabajando\nen la medicaci\u00f3n contra el COVID-19 para que esto no se vuelva justamente un\nnegocio\u201d, marcando que \u201ca nivel internacional vemos c\u00f3mo se est\u00e1 buscando\ndistribuidores y se est\u00e1 haciendo toda una cuesti\u00f3n comercial que no pasa por\nla salud de las personas\u201d.<\/p>\n\n\n\n<p>\u201cEste contexto internacional sin dudas tendr\u00e1\ngrandes ganadores, pero en nuestro pa\u00eds se han dado pasos importantes desde la\npol\u00edtica, como por ejemplo volver a jerarquizar el trabajo de los cient\u00edficos y\ntecn\u00f3logos y darle el rango que le corresponde a los Ministerios de Salud y de\nCiencia y Tecnolog\u00eda\u201d, subray\u00f3 por su parte el licenciado Diego Ortiz, director\nde Gesti\u00f3n y Desarrollo de la SCyT.<\/p>\n\n\n\n<p>Resalt\u00f3 que este tipo de decisiones \u201cpermiten\nafrontar estas situaciones con otras herramientas y recursos, por lo que es\nimportante que la ciudadan\u00eda no pierda de vista esto\u201d.<\/p>\n\n\n\n<p>\u201cEstamos en un nivel de alerta que nos obliga a\npensar qu\u00e9 hubiera sucedido si esta pandemia hubiera pasado un a\u00f1o antes, con\nel Gobierno de Mauricio Macri, donde el Estado se retir\u00f3 de la agenda como para\nque otros tomen su lugar y vean c\u00f3mo resolver el problema\u201d, plante\u00f3.<\/p>\n\n\n\n<p>Opin\u00f3 que \u201chay que poner en valor el actuar de la\ngesti\u00f3n del presidente Alberto Fern\u00e1ndez\u201d, marcando que \u201ctrabajar en la\nconciencia de la sociedad es m\u00e1s f\u00e1cil con las herramientas de las pol\u00edticas\np\u00fablicas\u201d, siempre apuntando a la prevenci\u00f3n y al cambio de h\u00e1bitos de las\npersonas.<\/p>\n\n\n\n<p>Conciencia ciudadana<\/p>\n\n\n\n<p>\u201cLa conciencia ciudadana es una de las herramientas\nm\u00e1s fuertes, con mayor fortaleza, que tenemos ante esta pandemia\u201d, enfatiz\u00f3,\ncateg\u00f3rico, Princich. \u201cSi nosotros nos quedamos en nuestras casas y respetamos\nla cuarentena podemos cortar la circulaci\u00f3n viral y podemos estar a la altura\nde las circunstancias\u201d, recalc\u00f3.<\/p>\n\n\n\n<p>De esta manera \u201cvamos a atender de la mejor manera\nposible los efectos que esta enfermedad puedan llegar a causar en la\npoblaci\u00f3n\u201d.<\/p>\n\n\n\n<p>\u201cEsa conciencia social est\u00e1 en nosotros y es lo que\ntenemos que tratar de difundir y hacer llegar a cada uno de los rincones de la\nArgentina\u201d, marc\u00f3.<\/p>\n\n\n\n<p>En esa l\u00ednea, Ortiz puso en valor el rol de los\nmedios de comunicaci\u00f3n, \u201cdifundiendo este mensaje en forma masiva, haciendo\nentender la importancia de quedarse en las casas y la higiene personal,\npensando en el otro, ya que se puede ser un agente transmisor de la\nenfermedad\u201d.&nbsp;&nbsp; <\/p>\n","protected":false},"excerpt":{"rendered":"<p>Desde la Secretar\u00eda de Ciencia y Tecnolog\u00eda se puso en valor las f\u00e9rreas decisiones y medidas de prevenci\u00f3n con conciencia social dispuestas por el presidente Alberto Fern\u00e1ndez para combatir la pandemia del coronavirus (COVID-19), a las que la provincia de Formosa adhiri\u00f3 a trav\u00e9s del gobernador Gildo Insfr\u00e1n y en acuerdo de ministros. \u201cLo que [&hellip;]<\/p>\n","protected":false},"author":11,"featured_media":42188,"comment_status":"open","ping_status":"open","sticky":false,"template":"","format":"standard","meta":{"footnotes":""},"categories":[6],"tags":[],"class_list":["post-42179","post","type-post","status-publish","format-standard","has-post-thumbnail","hentry","category-nacionales"],"_links":{"self":[{"href":"http:\/\/informeformosa.com.ar\/index.php?rest_route=\/wp\/v2\/posts\/42179","targetHints":{"allow":["GET"]}}],"collection":[{"href":"http:\/\/informeformosa.com.ar\/index.php?rest_route=\/wp\/v2\/posts"}],"about":[{"href":"http:\/\/informeformosa.com.ar\/index.php?rest_route=\/wp\/v2\/types\/post"}],"author":[{"embeddable":true,"href":"http:\/\/informeformosa.com.ar\/index.php?rest_route=\/wp\/v2\/users\/11"}],"replies":[{"embeddable":true,"href":"http:\/\/informeformosa.com.ar\/index.php?rest_route=%2Fwp%2Fv2%2Fcomments&post=42179"}],"version-history":[{"count":1,"href":"http:\/\/informeformosa.com.ar\/index.php?rest_route=\/wp\/v2\/posts\/42179\/revisions"}],"predecessor-version":[{"id":42189,"href":"http:\/\/informeformosa.com.ar\/index.php?rest_route=\/wp\/v2\/posts\/42179\/revisions\/42189"}],"wp:featuredmedia":[{"embeddable":true,"href":"http:\/\/informeformosa.com.ar\/index.php?rest_route=\/wp\/v2\/media\/42188"}],"wp:attachment":[{"href":"http:\/\/informeformosa.com.ar\/index.php?rest_route=%2Fwp%2Fv2%2Fmedia&parent=42179"}],"wp:term":[{"taxonomy":"category","embeddable":true,"href":"http:\/\/informeformosa.com.ar\/index.php?rest_route=%2Fwp%2Fv2%2Fcategories&post=42179"},{"taxonomy":"post_tag","embeddable":true,"href":"http:\/\/informeformosa.com.ar\/index.php?rest_route=%2Fwp%2Fv2%2Ftags&post=42179"}],"curies":[{"name":"wp","href":"https:\/\/api.w.org\/{rel}","templated":true}]}}