{"id":42173,"date":"2020-03-19T18:30:06","date_gmt":"2020-03-19T21:30:06","guid":{"rendered":"http:\/\/informeformosa.com.ar\/?p=42173"},"modified":"2020-03-19T18:30:09","modified_gmt":"2020-03-19T21:30:09","slug":"coronavirus-el-gobierno-provincial-informo-que-son-dos-los-casos-sospechosos-en-formosa","status":"publish","type":"post","link":"http:\/\/informeformosa.com.ar\/?p=42173","title":{"rendered":"Coronavirus: El Gobierno provincial inform\u00f3 que son dos los casos sospechosos en Formosa"},"content":{"rendered":"\n<p>Parte informativo <strong>19\/03\/2020<\/strong><\/p>\n\n\n\n<p><strong>GOBIERNO DE LA PROVINCIA DE FORMOSA<\/strong><\/p>\n\n\n\n<p><strong>CONSEJO DE ATENCI\u00d3N INTEGRAL A LA EMERGENCIA COVID-19<br><\/strong>(Decreto N\u00ba 100\/20)<\/p>\n\n\n\n<p> 1- Contamos con un total de 2 casos sospechosos en territorio provincial,<br> ambos con aislamiento obligatorio hospitalario y con cuidados m\u00e9dicos<br> espec\u00edficos. En el d\u00eda de la fecha, se env\u00edan las muestras por el canal oficial<br> al Malbr\u00e1n, aguardando a\u00fan el resultado del primer caso sospechoso.<\/p>\n\n\n\n<p>2- Del parte anterior hasta el presente, se suman 24 nuevas personas<br> asintom\u00e1ticas bajo observaci\u00f3n por haber transitado por zonas afectadas<br> o por haber tenido contacto estrecho con individuos que lo hicieron. De<br> las 44 personas en observaci\u00f3n informadas inicialmente, 14 han sido<br> dadas de alta del aislamiento por haber cumplido las 2 semanas sin<br> presentar s\u00edntomas, descart\u00e1ndose por ende, contagio alguno.<\/p>\n\n\n\n<p>3- Cabe aclarar que por \u201ccontacto estrecho\u201d se entiende \u00fanicamente al<br> contacto a menos de 2 metros con personas que han sido diagnosticadas<br> positivamente con coronavirus, o bien posean s\u00edntomas de la enfermedad<br> adem\u00e1s de haber transitado por las zonas afectadas. Solo en estos casos<br> el aislamiento es obligatorio por definici\u00f3n del Decreto Nacional 260\/20.<br> Fuera de estos casos, se aconseja el aislamiento preventivo para los<br> grupos de riesgo y el distanciamiento social para toda la poblaci\u00f3n,<br> disminuyendo la circulaci\u00f3n a lo m\u00ednimo e indispensable.<\/p>\n\n\n\n<p>4- En los 5 controles sanitarios conjuntos desplegados en toda la provincia,<br> desde las 8 hs desde d\u00eda de ayer a las 8hs del d\u00eda de hoy, fueron<br> controlados 1.190 veh\u00edculos y un total de 2.804 personas, advirti\u00e9ndose<br> una notable disminuci\u00f3n de la circulaci\u00f3n interprovincial, lo cual es <br> positivo a los fines de la prevenci\u00f3n. En los controles se detect\u00f3 1 \u00fanico<br> caso de una persona con cuadro febril, que respond\u00eda a otra patolog\u00eda<br> diferente a la que nos ocupa.<\/p>\n\n\n\n<p>5- En el d\u00eda de la fecha se continuar\u00e1n constituyendo los controles en el resto de los puntos estrat\u00e9gicos anunciados.<\/p>\n\n\n\n<p>6- Hemos tomado conocimiento del impedimento de circulaci\u00f3n en un<br> control del Chaco de un cami\u00f3n con mercader\u00edas con destino a Formosa,<br> y realizamos las gestiones que permitieron su liberaci\u00f3n, toda vez que el<br> tr\u00e1nsito de mercader\u00eda o insumos en general no debe ser restringido.<br> Ante cualquier situaci\u00f3n de esta naturaleza o consulta, se brindar\u00e1<br> informaci\u00f3n al n\u00famero 911.<\/p>\n\n\n\n<p>7- Ponemos de resalto el compromiso demostrado por distintos entes del<br> Estado Nacional y del sector privado que se han puesto a disposici\u00f3n para<br> coordinar tareas necesarias ante esta situaci\u00f3n de emergencia.<\/p>\n\n\n\n<p>8- En el d\u00eda de ayer este Consejo mantuvo una reuni\u00f3n de trabajo con el Sr.<br> Procurador del Superior Tribunal de Justicia, Dr. Sergio L\u00f3pez, y los jueces<br> de instrucci\u00f3n Dr. Rub\u00e9n Spessot y Dr. Guillermo Caballero, en la que se<br> acordaron criterios de trabajo conjunto, definiciones cient\u00edfico t\u00e9cnicas y<br> canales electr\u00f3nicos de comunicaci\u00f3n fehaciente a los fines de garantizar<br> una r\u00e1pida tramitaci\u00f3n de las causas vinculadas a los controles<br> preventivos de esta pandemia y del dengue, teniendo como valores<br> fundamentales la protecci\u00f3n de la vida humana, el bien com\u00fan y la salud<br> p\u00fablica.<\/p>\n\n\n\n<p>9- Informamos a la ciudadan\u00eda que el sistema provincial de salud p\u00fablica<br> cuenta con la tecnolog\u00eda y los profesionales necesarios para la realizaci\u00f3n<br> de an\u00e1lisis de diagn\u00f3stico de coronavirus en nuestros laboratorios.<br> Conforme el protocolo nacional, estamos aguardando la remisi\u00f3n por<br> parte del Ministerio de Salud de la Naci\u00f3n de los reactivos validados y<br> normalizados para proceder a su utilizaci\u00f3n.<\/p>\n\n\n\n<p>10- Insistimos en la responsabilidad de utilizar \u00fanicamente la informaci\u00f3n que brinda este Consejo de Atenci\u00f3n Integral a la Emergencia Covid-19 para<br> evitar la difusi\u00f3n de informaci\u00f3n err\u00f3nea, no validada cient\u00edficamente,<br> que pueda llevar -a\u00fan de buena fe- a confusi\u00f3n a la poblaci\u00f3n. En ese<br> sentido, el d\u00eda de ayer un medio period\u00edstico de Buenos Aires inform\u00f3<br> inexactamente de la existencia de un caso positivo de coronavirus en<br> Formosa, lo cual no se ajustaba a la informaci\u00f3n oficial del Ministerio de<br> Salud de la Naci\u00f3n y de este Consejo. <\/p>\n","protected":false},"excerpt":{"rendered":"<p>Parte informativo 19\/03\/2020 GOBIERNO DE LA PROVINCIA DE FORMOSA CONSEJO DE ATENCI\u00d3N INTEGRAL A LA EMERGENCIA COVID-19(Decreto N\u00ba 100\/20) 1- Contamos con un total de 2 casos sospechosos en territorio provincial, ambos con aislamiento obligatorio hospitalario y con cuidados m\u00e9dicos espec\u00edficos. En el d\u00eda de la fecha, se env\u00edan las muestras por el canal oficial [&hellip;]<\/p>\n","protected":false},"author":3,"featured_media":42174,"comment_status":"open","ping_status":"open","sticky":false,"template":"","format":"standard","meta":{"footnotes":""},"categories":[3],"tags":[],"class_list":["post-42173","post","type-post","status-publish","format-standard","has-post-thumbnail","hentry","category-politica-y-economia"],"_links":{"self":[{"href":"http:\/\/informeformosa.com.ar\/index.php?rest_route=\/wp\/v2\/posts\/42173","targetHints":{"allow":["GET"]}}],"collection":[{"href":"http:\/\/informeformosa.com.ar\/index.php?rest_route=\/wp\/v2\/posts"}],"about":[{"href":"http:\/\/informeformosa.com.ar\/index.php?rest_route=\/wp\/v2\/types\/post"}],"author":[{"embeddable":true,"href":"http:\/\/informeformosa.com.ar\/index.php?rest_route=\/wp\/v2\/users\/3"}],"replies":[{"embeddable":true,"href":"http:\/\/informeformosa.com.ar\/index.php?rest_route=%2Fwp%2Fv2%2Fcomments&post=42173"}],"version-history":[{"count":1,"href":"http:\/\/informeformosa.com.ar\/index.php?rest_route=\/wp\/v2\/posts\/42173\/revisions"}],"predecessor-version":[{"id":42175,"href":"http:\/\/informeformosa.com.ar\/index.php?rest_route=\/wp\/v2\/posts\/42173\/revisions\/42175"}],"wp:featuredmedia":[{"embeddable":true,"href":"http:\/\/informeformosa.com.ar\/index.php?rest_route=\/wp\/v2\/media\/42174"}],"wp:attachment":[{"href":"http:\/\/informeformosa.com.ar\/index.php?rest_route=%2Fwp%2Fv2%2Fmedia&parent=42173"}],"wp:term":[{"taxonomy":"category","embeddable":true,"href":"http:\/\/informeformosa.com.ar\/index.php?rest_route=%2Fwp%2Fv2%2Fcategories&post=42173"},{"taxonomy":"post_tag","embeddable":true,"href":"http:\/\/informeformosa.com.ar\/index.php?rest_route=%2Fwp%2Fv2%2Ftags&post=42173"}],"curies":[{"name":"wp","href":"https:\/\/api.w.org\/{rel}","templated":true}]}}