{"id":42157,"date":"2020-03-18T19:35:04","date_gmt":"2020-03-18T22:35:04","guid":{"rendered":"http:\/\/informeformosa.com.ar\/?p=42157"},"modified":"2020-03-18T19:35:06","modified_gmt":"2020-03-18T22:35:06","slug":"coronavirus-hospital-de-san-martin-2-coordina-acciones-con-la-municipalidad-y-otras-instituciones","status":"publish","type":"post","link":"http:\/\/informeformosa.com.ar\/?p=42157","title":{"rendered":"Coronavirus: hospital de San Mart\u00edn 2 coordina acciones con la municipalidad y otras instituciones"},"content":{"rendered":"\n<p>Desde el hospital de San\nMart\u00edn 2 se articularon acciones con distintas instituciones para prevenir en\nla comunidad el Coronovirus (COVID \u2013 19). La reuni\u00f3n se llev\u00f3 a cabo en la sede\nde la municipalidad local, donde adem\u00e1s se renov\u00f3 el compromiso de la\nprevenci\u00f3n del dengue que se viene llevando adelante d\u00eda a d\u00eda junto a los\nvecinos.<\/p>\n\n\n\n<p>En el encuentro estuvo\npresente el intendente de la comuna, concejales, directivos de establecimientos\neducativos de los tres niveles, representantes de las fuerzas de seguridad\nnacionales y provinciales, representantes de cultos religiosos.&nbsp; Adem\u00e1s de los caciques y referentes de la\ncomunidad Osvaldo Quiroga, situada a pocos kil\u00f3metros de esta localidad.<\/p>\n\n\n\n<p>El equipo de salud, bajo la\ncoordinaci\u00f3n del director del hospital, Dr. Jorge Brizuela brind\u00f3 detalles\nsobre las medidas de prevenci\u00f3n que debe cumplimentar el personal de las\ndiferentes instituciones, como tambi\u00e9n de las que deben difundirse a las\nfamilias.<\/p>\n\n\n\n<p>Durante la reuni\u00f3n, se dio\ninformaci\u00f3n precisa sobre el protocolo a seguir en casos sospechosos,\nentendi\u00e9ndose como tales a personas que hayan regresado en los \u00faltimos 14 d\u00edas\nde zonas con circulaci\u00f3n viral sostenida: Brasil, Chile. EEUU, Corea del Sur,\nEuropa, Jap\u00f3n, China o Ir\u00e1n, tambi\u00e9n quienes hayan estado en contacto con casos\nconfirmados. Ante una situaci\u00f3n de este tipo, si presentan s\u00edntomas, en primer\nt\u00e9rmino \u201cdeben comunicarse con la l\u00ednea telef\u00f3nica 107, y evitar la aglomeraci\u00f3n\nen los hospitales y centros de salud\u201d.<\/p>\n\n\n\n<p>Por otra parte, se record\u00f3\nque, si estuvieron en alguno de las zonas con circulaci\u00f3n viral sostenida en\nlos \u00faltimos 14 d\u00edas, y aunque no presenten s\u00edntomas, es obligaci\u00f3n autoaislarse\nen sus domicilios durante 14 d\u00edas.<\/p>\n\n\n\n<p><em>Dengue<\/em><\/p>\n\n\n\n<p>En la jornada, adem\u00e1s se\nhizo hincapi\u00e9 en el compromiso de las instituciones de continuar trabajando\njunto a la comunidad en la prevenci\u00f3n del dengue. Para ello, se repasaron las\nmedidas de prevenci\u00f3n domiciliarias y se programaron las acciones que forman\nparte del trabajo para la prevenci\u00f3n comunitaria en espacios p\u00fablicos. <\/p>\n\n\n\n<p>En este marco, los\nprofesionales de salud categorizaron que el dengue tambi\u00e9n \u201cnecesita del aporte\nde todos y de la responsabilidad social porque es una enfermedad que tampoco\ntiene vacunas, medicaci\u00f3n ni tratamiento espec\u00edfico hasta el momento y que\ntiene muchos casos en los pa\u00edses vecinos. Por lo tanto, no debemos bajar los\nbrazos y seguir d\u00eda a d\u00eda en la prevenci\u00f3n\u201d.<\/p>\n","protected":false},"excerpt":{"rendered":"<p>Desde el hospital de San Mart\u00edn 2 se articularon acciones con distintas instituciones para prevenir en la comunidad el Coronovirus (COVID \u2013 19). La reuni\u00f3n se llev\u00f3 a cabo en la sede de la municipalidad local, donde adem\u00e1s se renov\u00f3 el compromiso de la prevenci\u00f3n del dengue que se viene llevando adelante d\u00eda a d\u00eda [&hellip;]<\/p>\n","protected":false},"author":11,"featured_media":42168,"comment_status":"open","ping_status":"open","sticky":false,"template":"","format":"standard","meta":{"footnotes":""},"categories":[11],"tags":[],"class_list":["post-42157","post","type-post","status-publish","format-standard","has-post-thumbnail","hentry","category-interior"],"_links":{"self":[{"href":"http:\/\/informeformosa.com.ar\/index.php?rest_route=\/wp\/v2\/posts\/42157","targetHints":{"allow":["GET"]}}],"collection":[{"href":"http:\/\/informeformosa.com.ar\/index.php?rest_route=\/wp\/v2\/posts"}],"about":[{"href":"http:\/\/informeformosa.com.ar\/index.php?rest_route=\/wp\/v2\/types\/post"}],"author":[{"embeddable":true,"href":"http:\/\/informeformosa.com.ar\/index.php?rest_route=\/wp\/v2\/users\/11"}],"replies":[{"embeddable":true,"href":"http:\/\/informeformosa.com.ar\/index.php?rest_route=%2Fwp%2Fv2%2Fcomments&post=42157"}],"version-history":[{"count":1,"href":"http:\/\/informeformosa.com.ar\/index.php?rest_route=\/wp\/v2\/posts\/42157\/revisions"}],"predecessor-version":[{"id":42169,"href":"http:\/\/informeformosa.com.ar\/index.php?rest_route=\/wp\/v2\/posts\/42157\/revisions\/42169"}],"wp:featuredmedia":[{"embeddable":true,"href":"http:\/\/informeformosa.com.ar\/index.php?rest_route=\/wp\/v2\/media\/42168"}],"wp:attachment":[{"href":"http:\/\/informeformosa.com.ar\/index.php?rest_route=%2Fwp%2Fv2%2Fmedia&parent=42157"}],"wp:term":[{"taxonomy":"category","embeddable":true,"href":"http:\/\/informeformosa.com.ar\/index.php?rest_route=%2Fwp%2Fv2%2Fcategories&post=42157"},{"taxonomy":"post_tag","embeddable":true,"href":"http:\/\/informeformosa.com.ar\/index.php?rest_route=%2Fwp%2Fv2%2Ftags&post=42157"}],"curies":[{"name":"wp","href":"https:\/\/api.w.org\/{rel}","templated":true}]}}