{"id":42156,"date":"2020-03-18T19:30:57","date_gmt":"2020-03-18T22:30:57","guid":{"rendered":"http:\/\/informeformosa.com.ar\/?p=42156"},"modified":"2020-03-18T19:31:01","modified_gmt":"2020-03-18T22:31:01","slug":"a-traves-de-un-nuevo-parte-de-prensa-se-insta-a-la-comunidad-permanecer-en-sus-hogares","status":"publish","type":"post","link":"http:\/\/informeformosa.com.ar\/?p=42156","title":{"rendered":"A trav\u00e9s de un nuevo parte de prensa, se insta a la comunidad permanecer en sus hogares"},"content":{"rendered":"\n<p>Este mi\u00e9rcoles se realiz\u00f3 el informe diario del Consejo de Atenci\u00f3n\nIntegral a la Emergencia COVID-19, creado por decreto 100\/20 del Gobierno de la\nProvincia de Formosa, comunicado a trav\u00e9s del ministro de Gobierno, Justicia,\nSeguridad y Trabajo, Jorge Abel Gonz\u00e1lez:<\/p>\n\n\n\n<p>1- Continuamos teniendo hasta la fecha un \u00fanico caso sospechoso en el\nterritorio provincial, con aislamiento obligatorio y con una buena evoluci\u00f3n\ndel paciente, se esperan los resultados del an\u00e1lisis enviado al Instituto\nMalbr\u00e1n.<\/p>\n\n\n\n<p>2- Existen 23 nuevas personas asintom\u00e1ticas bajo observaci\u00f3n por haber\ntransitado por zonas afectadas o por haber tenido contacto estrecho con\nindividuos que lo hicieron. Destacamos que estos 23 casos fueron comunicados\npor estas mismas personas al tel\u00e9fono 107 lo cual habla del compromiso\nciudadano que todos debemos tener. <\/p>\n\n\n\n<p>De las 44 personas en observaci\u00f3n, informadas en el d\u00eda de ayer, muchas\nde ellas ya se encuentran en proceso de alta m\u00e9dica lo cual ser\u00e1 informado en\npartes posteriores.<\/p>\n\n\n\n<p>3- Se implementaron los tres controles sanitarios conjuntos anunciados\nen el d\u00eda de ayer en las localidades de Mansilla, El Colorado, y Puente\nLavalle. En ellos fueron controlados un total de 1153 personas y 648 veh\u00edculos\nentre las 18 horas del d\u00eda de ayer hasta las 8 horas del d\u00eda de la fecha.\nNinguno de estos controles detect\u00f3 personas con procesos febriles u otros\ns\u00edntomas.<\/p>\n\n\n\n<p>4- En el d\u00eda de la fecha, los controles sanitarios conjunto se\nextender\u00e1n a la totalidad de los accesos a la provincia de Formosa. Esto\nincluye a Sumay\u00e9n, y otras localidades ubicadas en la costa del R\u00edo Bermejo\nhasta la L\u00ednea Barilari; Teniente Fraga en el acceso oeste de la RN n\u00b081; el\npaso Internacional General Belgrano (AR) &#8211; General Bruguez (PY), Clorinda,\nPuerto Pilcomayo, Colonia Cano y Formosa. <\/p>\n\n\n\n<p>5- En adhesi\u00f3n a lo dispuesto por el Ministerio de Transporte de la\nNaci\u00f3n, se establece la suspensi\u00f3n del transporte interurbano entre las\ndistintas localidades de la provincia entre las 00 horas del d\u00eda 19 de marzo\nhasta las 24 horas del d\u00eda 24 de marzo del corriente a\u00f1o. El Ministerio de\nPlanificaci\u00f3n, Inversi\u00f3n, Obras y Servicios P\u00fablicos, reglamentar\u00e1 la presente\nmedida. <\/p>\n\n\n\n<p>6- Se establece la reducci\u00f3n del horario de la administraci\u00f3n p\u00fablica\nprovincial, entre las 8 y las 12 horas, con excepci\u00f3n de la prestaci\u00f3n de\nservicios cr\u00edticos o esenciales, hasta el 31 de marzo del corriente a\u00f1o.<\/p>\n\n\n\n<p>7- Se establece la suspensi\u00f3n de los plazos de todo tr\u00e1mite\nadministrativo ante los ministerios y organismos provinciales desde el d\u00eda de\nla fecha hasta el 31 de marzo. Esta medida ser\u00e1 instrumentada por el acto\nadministrativo correspondiente.<\/p>\n\n\n\n<p>8- Alentamos a la ciudadan\u00eda a realizar \u00fanicamente los tr\u00e1mites\nesenciales ante la administraci\u00f3n p\u00fablica provincial, invit\u00e1ndolos a la\nutilizaci\u00f3n de los tr\u00e1mites online a trav\u00e9s de la p\u00e1gina www.formosa.gob.ar y a\nrealizar las consultas necesarias a trav\u00e9s de los medios digitales con los que\ncuentan todas las jurisdicciones.<\/p>\n\n\n\n<p>9- Insistimos en el compromiso ciudadano de practicar el\ndistanciamiento social, permaneciendo en los hogares y reduciendo la\ncirculaci\u00f3n a lo m\u00ednimo e indispensable.<\/p>\n\n\n\n<p>10- Instamos a que esta situaci\u00f3n de emergencia por el coronavirus no\nnos haga perder la perspectiva de continuar la lucha contra el dengue, con\nespecial atenci\u00f3n en las tareas de descacharrizado y permitiendo el acceso a\nlos hogares de los equipos de fumigaci\u00f3n del Ministerio de Desarrollo Humano.\nEn el caso de no permitirse la realizaci\u00f3n de este trabajo de prevenci\u00f3n, se\nacudir\u00e1 a la Justicia para hacer valer el bien com\u00fan y la salud p\u00fablica. <\/p>\n\n\n\n<p>El ministro Gonz\u00e1lez hizo hincapi\u00e9 en que la ciudadan\u00eda debe permanecer\nen sus hogares y \u201ctomar conciencia que la difusi\u00f3n del virus es a trav\u00e9s de las\npersonas, por lo tanto si desalentamos la circulaci\u00f3n de personas vamos a\ndesalentar la circulaci\u00f3n del virus\u201d. <\/p>\n\n\n\n<p>Para finalizar, recalc\u00f3 que la suspensi\u00f3n de las clases est\u00e1 orientada\na que los estudiantes permanezcan en sus hogares y se evite la circulaci\u00f3n de\ntodo tipo.<\/p>\n\n\n\n<p><strong>Relevamiento de nosocomios\nprivados y p\u00fablicos<\/strong><\/p>\n\n\n\n<p>Ante la consulta de\nla prensa, el m\u00e9dico infect\u00f3logo Mario Romero Bruno confirm\u00f3 que las \u00faltimas\nconsultas al n\u00famero 107 son de personas que volvieron de Brasil, uno de los\n\u00faltimos pa\u00edses considerados de riesgo para contagio de coronavirus.<br>\nAdem\u00e1s revel\u00f3 que la provincia est\u00e1 haciendo un relevamiento en hospitales\np\u00fablicos y privados para conocer el estado de situaci\u00f3n en cuanto a\nequipamientos (respiradores espec\u00edficamente) en caso de que se necesitaran a\nfuturo, adem\u00e1s de camas. \u201cEstamos relevando las unidades de terapia intensiva,\ncamas, respiradores que ser\u00e1n necesarios en caso de tener que enfrentarnos con\ncasos positivos\u201d destac\u00f3.<\/p>\n\n\n\n<p>Adem\u00e1s dijo el\ntitular de Infectolog\u00eda que se est\u00e1n acondicionando lugares dentro de los\nhospitales p\u00fablicos que ser\u00e1n destinados ante cualquier emergencia por\ncoronavirus, tanto en Capital como en interior, como capacitando al personal.<\/p>\n\n\n\n<p><strong>Regimiento<\/strong><\/p>\n\n\n\n<p>El Ministro Gonz\u00e1lez\npor su parte agradeci\u00f3 el ofrecimiento del Ej\u00e9rcito Argentino de trabajar\nconjuntamente en esta emergencia. \u201cExiste una cooperaci\u00f3n con las fuerzas de\nseguridad federales, de hecho se ve en los controles que venimos realizando,\ndesde el d\u00eda de ayer, Gendarmeria Nacional, Desarrollo Humano y Polic\u00eda\nProvincial, es el momento que tenemos que trabajar de manera coordinada\u201d\ndestac\u00f3.<\/p>\n","protected":false},"excerpt":{"rendered":"<p>Este mi\u00e9rcoles se realiz\u00f3 el informe diario del Consejo de Atenci\u00f3n Integral a la Emergencia COVID-19, creado por decreto 100\/20 del Gobierno de la Provincia de Formosa, comunicado a trav\u00e9s del ministro de Gobierno, Justicia, Seguridad y Trabajo, Jorge Abel Gonz\u00e1lez: 1- Continuamos teniendo hasta la fecha un \u00fanico caso sospechoso en el territorio provincial, [&hellip;]<\/p>\n","protected":false},"author":11,"featured_media":42166,"comment_status":"open","ping_status":"open","sticky":false,"template":"","format":"standard","meta":{"footnotes":""},"categories":[12],"tags":[],"class_list":["post-42156","post","type-post","status-publish","format-standard","has-post-thumbnail","hentry","category-salud"],"_links":{"self":[{"href":"http:\/\/informeformosa.com.ar\/index.php?rest_route=\/wp\/v2\/posts\/42156","targetHints":{"allow":["GET"]}}],"collection":[{"href":"http:\/\/informeformosa.com.ar\/index.php?rest_route=\/wp\/v2\/posts"}],"about":[{"href":"http:\/\/informeformosa.com.ar\/index.php?rest_route=\/wp\/v2\/types\/post"}],"author":[{"embeddable":true,"href":"http:\/\/informeformosa.com.ar\/index.php?rest_route=\/wp\/v2\/users\/11"}],"replies":[{"embeddable":true,"href":"http:\/\/informeformosa.com.ar\/index.php?rest_route=%2Fwp%2Fv2%2Fcomments&post=42156"}],"version-history":[{"count":1,"href":"http:\/\/informeformosa.com.ar\/index.php?rest_route=\/wp\/v2\/posts\/42156\/revisions"}],"predecessor-version":[{"id":42167,"href":"http:\/\/informeformosa.com.ar\/index.php?rest_route=\/wp\/v2\/posts\/42156\/revisions\/42167"}],"wp:featuredmedia":[{"embeddable":true,"href":"http:\/\/informeformosa.com.ar\/index.php?rest_route=\/wp\/v2\/media\/42166"}],"wp:attachment":[{"href":"http:\/\/informeformosa.com.ar\/index.php?rest_route=%2Fwp%2Fv2%2Fmedia&parent=42156"}],"wp:term":[{"taxonomy":"category","embeddable":true,"href":"http:\/\/informeformosa.com.ar\/index.php?rest_route=%2Fwp%2Fv2%2Fcategories&post=42156"},{"taxonomy":"post_tag","embeddable":true,"href":"http:\/\/informeformosa.com.ar\/index.php?rest_route=%2Fwp%2Fv2%2Ftags&post=42156"}],"curies":[{"name":"wp","href":"https:\/\/api.w.org\/{rel}","templated":true}]}}