{"id":42153,"date":"2020-03-18T19:16:33","date_gmt":"2020-03-18T22:16:33","guid":{"rendered":"http:\/\/informeformosa.com.ar\/?p=42153"},"modified":"2020-03-18T19:16:35","modified_gmt":"2020-03-18T22:16:35","slug":"coronavirus-articulan-tareas-culturales-a-traves-de-reunion-virtual","status":"publish","type":"post","link":"http:\/\/informeformosa.com.ar\/?p=42153","title":{"rendered":"Coronavirus: Articulan tareas culturales a trav\u00e9s de reuni\u00f3n virtual"},"content":{"rendered":"\n<p>El subsecretario de Cultura, el profesor Alfredo\nJara, inform\u00f3 que en el marco de una reuni\u00f3n virtual del Consejo Federal de\nCultura se har\u00e1 una videoconferencia con el ministro de Cultura de la Naci\u00f3n,\nTrist\u00e1n Bauer.<\/p>\n\n\n\n<p>\u201cVamos a tener una videoconferencia en el marco de\nuna reuni\u00f3n virtual del Consejo Federal de Cultura con el ministro de Cultura\nde la Naci\u00f3n, Trist\u00e1n Bauer, y su equipo\u201d, explic\u00f3 el funcionario provincial.<\/p>\n\n\n\n<p>Ello se enmarca dentro de las medidas de cuarentena\ndispuestas por el Gobierno Nacional ante la pandemia del coronavirus\n(COVID-19), a las que Formosa adhiri\u00f3 a trav\u00e9s del gobernador Gildo Insfr\u00e1n y\nen acuerdo de ministros.<\/p>\n\n\n\n<p>En esa l\u00ednea, Jara destac\u00f3 el \u201cgran apoyo que\nreciben todas las provincias y que siempre nos brinda el Consejo Federal de\nInversiones (CFI)\u201d.<\/p>\n\n\n\n<p>Remarc\u00f3 que \u201cen el centro de referencia que est\u00e1\nubicado en la intersecci\u00f3n de las calles Rivadavia y Maip\u00fa, en la ciudad\ncapital, los directores del \u00e1rea de Cultura y la coordinadora general vamos a\nestar intercambiando opiniones y propuestas para acompa\u00f1ar este proceso que es\ndif\u00edcil, pero que si lo transitamos con responsabilidad, pensando en que\ndebemos proteger a nuestros hijos y nuestras familias, podremos brindar nuestro\naporte desde la esfera cultural\u201d.<\/p>\n\n\n\n<p>Esto se materializa \u201cdesde las bibliotecas virtuales\npasando por los juegos, los entretenimientos, los canales PakaPaka y Encuentro\ny todo aquello que signifique que se puede vivir intensamente, recuperando por\nejemplo relatos de nuestros abuelos, los adultos mayores, que fortalezcan este\ntiempo de espera, el cual debe hacerse con paciencia y mucha prudencia\u201d.<\/p>\n\n\n\n<p>Refiri\u00f3 que en el caso de la provincia de Formosa se\nrecurrir\u00e1 a los medios p\u00fablicos para la difusi\u00f3n de contenidos did\u00e1cticos y\neducativos. \u201cYa estamos articulando todo esto con la Agencia de Noticias de\nFormosa (Agenfor) y nuestra Red Provincial de Medios, que es un soporte\nextraordinario\u201d, destac\u00f3 el subsecretario Jara.<\/p>\n\n\n\n<p>\u201cHoy m\u00e1s que nunca los medios p\u00fablicos oficiales\nformose\u00f1os cobran una importancia incre\u00edble, al igual que la red de fibra\n\u00f3ptica que permite llegar con los contenidos\u201d, enfatiz\u00f3.<\/p>\n\n\n\n<p>Record\u00f3 que \u201cantes era el informativo docente y\ncultural que se transmit\u00eda por Radio Nacional y hoy, con el acompa\u00f1amiento de\nla Subsecretar\u00eda de Comunicaci\u00f3n Social y de la UPSTI, podemos apreciar m\u00e1s que\nnunca el trabajo sist\u00e9mico, integral e integrado que lleva adelante el Gobierno\nprovincial, buscando generar los espacios de inclusi\u00f3n y participaci\u00f3n y en\nhacer de este tiempo que parece ocioso un per\u00edodo de producci\u00f3n y de\nfortalecimiento educativo-cultural\u201d.<\/p>\n","protected":false},"excerpt":{"rendered":"<p>El subsecretario de Cultura, el profesor Alfredo Jara, inform\u00f3 que en el marco de una reuni\u00f3n virtual del Consejo Federal de Cultura se har\u00e1 una videoconferencia con el ministro de Cultura de la Naci\u00f3n, Trist\u00e1n Bauer. \u201cVamos a tener una videoconferencia en el marco de una reuni\u00f3n virtual del Consejo Federal de Cultura con el [&hellip;]<\/p>\n","protected":false},"author":11,"featured_media":42160,"comment_status":"open","ping_status":"open","sticky":false,"template":"","format":"standard","meta":{"footnotes":""},"categories":[10],"tags":[],"class_list":["post-42153","post","type-post","status-publish","format-standard","has-post-thumbnail","hentry","category-cultura"],"_links":{"self":[{"href":"http:\/\/informeformosa.com.ar\/index.php?rest_route=\/wp\/v2\/posts\/42153","targetHints":{"allow":["GET"]}}],"collection":[{"href":"http:\/\/informeformosa.com.ar\/index.php?rest_route=\/wp\/v2\/posts"}],"about":[{"href":"http:\/\/informeformosa.com.ar\/index.php?rest_route=\/wp\/v2\/types\/post"}],"author":[{"embeddable":true,"href":"http:\/\/informeformosa.com.ar\/index.php?rest_route=\/wp\/v2\/users\/11"}],"replies":[{"embeddable":true,"href":"http:\/\/informeformosa.com.ar\/index.php?rest_route=%2Fwp%2Fv2%2Fcomments&post=42153"}],"version-history":[{"count":1,"href":"http:\/\/informeformosa.com.ar\/index.php?rest_route=\/wp\/v2\/posts\/42153\/revisions"}],"predecessor-version":[{"id":42161,"href":"http:\/\/informeformosa.com.ar\/index.php?rest_route=\/wp\/v2\/posts\/42153\/revisions\/42161"}],"wp:featuredmedia":[{"embeddable":true,"href":"http:\/\/informeformosa.com.ar\/index.php?rest_route=\/wp\/v2\/media\/42160"}],"wp:attachment":[{"href":"http:\/\/informeformosa.com.ar\/index.php?rest_route=%2Fwp%2Fv2%2Fmedia&parent=42153"}],"wp:term":[{"taxonomy":"category","embeddable":true,"href":"http:\/\/informeformosa.com.ar\/index.php?rest_route=%2Fwp%2Fv2%2Fcategories&post=42153"},{"taxonomy":"post_tag","embeddable":true,"href":"http:\/\/informeformosa.com.ar\/index.php?rest_route=%2Fwp%2Fv2%2Ftags&post=42153"}],"curies":[{"name":"wp","href":"https:\/\/api.w.org\/{rel}","templated":true}]}}