{"id":42152,"date":"2020-03-18T19:10:10","date_gmt":"2020-03-18T22:10:10","guid":{"rendered":"http:\/\/informeformosa.com.ar\/?p=42152"},"modified":"2020-03-18T19:10:13","modified_gmt":"2020-03-18T22:10:13","slug":"coronavirus-delinean-acciones-para-la-produccion-de-contenidos-educativos","status":"publish","type":"post","link":"http:\/\/informeformosa.com.ar\/?p=42152","title":{"rendered":"Coronavirus: Delinean acciones para la producci\u00f3n de contenidos educativos"},"content":{"rendered":"\n<p>Representantes de diferentes \u00e1reas del Ministerio de\nCultura y Educaci\u00f3n mantuvieron un encuentro de trabajo con el subsecretario de\nComunicaci\u00f3n Social de la provincia, el profesor Sergio Recalde, a los fines de\ncoordinar acciones para, de manera conjunta, producir contenidos audiovisuales\na los distintos niveles y modalidades del sistema educativo.<\/p>\n\n\n\n<p>Ello se enmarca dentro de las medidas preventivas\nanunciadas por el Gobierno Nacional, puntualmente desde el Ministerio de\nEducaci\u00f3n de la Naci\u00f3n, respecto de la situaci\u00f3n epidemiol\u00f3gica del coronavirus\n(COVID-19), a las que adhiri\u00f3 la provincia de Formosa a trav\u00e9s del gobernador\nGildo Insfr\u00e1n y en acuerdo de ministros.<\/p>\n\n\n\n<p>En ese sentido, tanto el subsecretario Recalde como\nlos referentes de diversas \u00e1reas de la cartera educativa provincial, inclusive\nresponsables de la comunicaci\u00f3n institucional de este estamento, estuvieron\ndiagramando acciones a llevar adelante.<\/p>\n\n\n\n<p>El objetivo es acercar contenidos audiovisuales\ndid\u00e1cticos desde los medios p\u00fablicos de la provincia a los alumnos y las\nalumnas de los Niveles Inicial, Primario y Secundario del sistema educativo,\nteniendo en cuenta que las actividades \u00e1ulicas fueron suspendidas hasta el 31\nde marzo venidero.<\/p>\n\n\n\n<p>\u201cLo que hicimos en esta reuni\u00f3n en la que estuvo\npresente el equipo de distintas \u00e1reas y niveles de la cartera educativa fue\nresponder a un pedido y a una participaci\u00f3n del ministro de Cultura y\nEducaci\u00f3n, el doctor Alberto Zorrilla, que nos plantea la posibilidad de\nadaptar contenidos y hacer un trabajo en conjunto con el Ministerio, poniendo\nla plataforma completa de la Subsecretar\u00eda de Comunicaci\u00f3n Social (Agenfor,\nCanal 3 y Radio Tropical) para generar contenidos que ya se est\u00e1n desarrollando\nante esta pandemia del coronavirus\u201d, expuso el subsecretario Recalde.<\/p>\n\n\n\n<p>Indic\u00f3 que \u201cla idea es que los estudiantes que est\u00e9n\nen la casa puedan seguir haciendo las actividades que usualmente ya realizan\ncon los maestros y profesores a trav\u00e9s de distintas plataformas \u2013como WhatsApp\no como lo vengan desarrollando- y que lo puedan tambi\u00e9n tener al alcance desde\nla televisi\u00f3n o los dem\u00e1s medios p\u00fablicos\u201d.<\/p>\n\n\n\n<p>\u201cJunto con los diferentes responsables de los\nniveles educativos se analizaron varias ideas y queremos llegar a la finalidad,\ntal como ha hecho la Naci\u00f3n, en el sentido de poder desarrollar un programa\npara los chicos que est\u00e9n en su casa en este tiempo, hasta el 31 de marzo, o si\nen un futuro se prolonga que lo podamos seguir efectuando\u201d, precis\u00f3.<\/p>\n\n\n\n<p>Medidas de prevenci\u00f3n<\/p>\n\n\n\n<p>En otro orden, el funcionario aludi\u00f3 a las medidas\nde prevenci\u00f3n que se adoptaron en la Subsecretar\u00eda de Comunicaci\u00f3n Social, como\norganismo del Estado provincial, frente a la pandemia del COVID-19.<\/p>\n\n\n\n<p>Puntualiz\u00f3 que \u201cen la Subsecretar\u00eda hemos adoptado\ntodo lo que ha dispuesto el gobernador Gildo Insfr\u00e1n\u201d, marcando que \u201chemos\nreducido la cantidad de personal y hemos intensificado las medidas de higiene,\nlas cuales parten, por ejemplo, desde el mismo micr\u00f3fono que est\u00e1 envuelto con\nun film y que cada vez que hagan una entrevista se va a cambiar\u201d.<\/p>\n\n\n\n<p>\u201cTambi\u00e9n en la radio y en la tele hay menos\npersonal, que va rotando, y hemos utilizado el estudio para realizar esta\nreuni\u00f3n con el Ministerio de Educaci\u00f3n, donde estuvimos bastante separados\u201d,\npormenoriz\u00f3, apuntando que \u201cen otro momento este tipo de reuniones se hac\u00edan en\nmi oficina con una mesa m\u00e1s reducida, donde quiz\u00e1s las personas pod\u00edan entrar\nun poquito m\u00e1s juntas y asimismo se compart\u00eda el mate\u201d, grafic\u00f3.<\/p>\n\n\n\n<p>Ahora se dispuso que haya alcohol en gel en las\noficinas y en los estudios tanto de la emisora como del canal se recubrieron\nlos micr\u00f3fonos con un film, que se ir\u00e1 cambiando. Adem\u00e1s, se ha reducido la\ncantidad del personal y se han autorizado las licencias correspondientes a los\ntrabajadores de 60 a\u00f1os o m\u00e1s y a quienes integren los grupos de riesgo.<\/p>\n\n\n\n<p>\u201cEs un proceso y hemos colaborado tambi\u00e9n nosotros\npara que cada uno de los formose\u00f1os y las formose\u00f1as se queden en casa\u201d,\nconcluy\u00f3.<\/p>\n","protected":false},"excerpt":{"rendered":"<p>Representantes de diferentes \u00e1reas del Ministerio de Cultura y Educaci\u00f3n mantuvieron un encuentro de trabajo con el subsecretario de Comunicaci\u00f3n Social de la provincia, el profesor Sergio Recalde, a los fines de coordinar acciones para, de manera conjunta, producir contenidos audiovisuales a los distintos niveles y modalidades del sistema educativo. Ello se enmarca dentro de [&hellip;]<\/p>\n","protected":false},"author":11,"featured_media":42158,"comment_status":"open","ping_status":"open","sticky":false,"template":"","format":"standard","meta":{"footnotes":""},"categories":[4],"tags":[],"class_list":["post-42152","post","type-post","status-publish","format-standard","has-post-thumbnail","hentry","category-educacion"],"_links":{"self":[{"href":"http:\/\/informeformosa.com.ar\/index.php?rest_route=\/wp\/v2\/posts\/42152","targetHints":{"allow":["GET"]}}],"collection":[{"href":"http:\/\/informeformosa.com.ar\/index.php?rest_route=\/wp\/v2\/posts"}],"about":[{"href":"http:\/\/informeformosa.com.ar\/index.php?rest_route=\/wp\/v2\/types\/post"}],"author":[{"embeddable":true,"href":"http:\/\/informeformosa.com.ar\/index.php?rest_route=\/wp\/v2\/users\/11"}],"replies":[{"embeddable":true,"href":"http:\/\/informeformosa.com.ar\/index.php?rest_route=%2Fwp%2Fv2%2Fcomments&post=42152"}],"version-history":[{"count":1,"href":"http:\/\/informeformosa.com.ar\/index.php?rest_route=\/wp\/v2\/posts\/42152\/revisions"}],"predecessor-version":[{"id":42159,"href":"http:\/\/informeformosa.com.ar\/index.php?rest_route=\/wp\/v2\/posts\/42152\/revisions\/42159"}],"wp:featuredmedia":[{"embeddable":true,"href":"http:\/\/informeformosa.com.ar\/index.php?rest_route=\/wp\/v2\/media\/42158"}],"wp:attachment":[{"href":"http:\/\/informeformosa.com.ar\/index.php?rest_route=%2Fwp%2Fv2%2Fmedia&parent=42152"}],"wp:term":[{"taxonomy":"category","embeddable":true,"href":"http:\/\/informeformosa.com.ar\/index.php?rest_route=%2Fwp%2Fv2%2Fcategories&post=42152"},{"taxonomy":"post_tag","embeddable":true,"href":"http:\/\/informeformosa.com.ar\/index.php?rest_route=%2Fwp%2Fv2%2Ftags&post=42152"}],"curies":[{"name":"wp","href":"https:\/\/api.w.org\/{rel}","templated":true}]}}