{"id":42131,"date":"2020-03-17T20:25:52","date_gmt":"2020-03-17T23:25:52","guid":{"rendered":"http:\/\/informeformosa.com.ar\/?p=42131"},"modified":"2020-03-17T20:25:54","modified_gmt":"2020-03-17T23:25:54","slug":"anses-atencion-solo-con-turnos-programados","status":"publish","type":"post","link":"http:\/\/informeformosa.com.ar\/?p=42131","title":{"rendered":"ANSeS: Atenci\u00f3n s\u00f3lo con turnos programados"},"content":{"rendered":"\n<p>Desde el martes 17 de marzo, las oficinas de la\nAdministraci\u00f3n Nacional de la Seguridad Social (ANSeS) permanecer\u00e1n abiertas\ncon un esquema de atenci\u00f3n reducido y s\u00f3lo se atender\u00e1n los tr\u00e1mites con turno,\nse inform\u00f3 desde la direcci\u00f3n ejecutiva del organismo nacional.<\/p>\n\n\n\n<p>Los turnos para inicio de tr\u00e1mites previsionales con\nfecha entre el 17 y el 31 de marzo se reprogramar\u00e1n para el mes de abril, en\nconsonancia con lo dispuesto desde el Gobierno Nacional ante la pandemia del\ncoronavirus.<\/p>\n\n\n\n<p>Los nuevos turnos tendr\u00e1n como prioridad a los\ntr\u00e1mites urgentes. Adem\u00e1s, se extender\u00e1n los plazos para las presentaciones de\ndocumentaci\u00f3n de manera autom\u00e1tica.<\/p>\n\n\n\n<p>En tanto, en la Delegaci\u00f3n Formosa \u201ceste lunes 16 se\nvio reducida la atenci\u00f3n al p\u00fablico y \u00fanicamente fueron atendidos los\nbeneficiarios que hab\u00edan gestionado un turno previo por la p\u00e1gina web\u201d,\nconfirm\u00f3 el doctor Federico Pino, delegado de ATE en ANSeS.&nbsp; <\/p>\n\n\n\n<p>\u201cLo que le estamos planteando a la patronal es en\nrelaci\u00f3n a los compa\u00f1eros que est\u00e1n m\u00e1s expuestos en la atenci\u00f3n al p\u00fablico y\nver c\u00f3mo se va a implementar el tema de las licencias\u201d, explic\u00f3.<\/p>\n\n\n\n<p>Luego fue consultado respecto de la posibilidad de\nque la Naci\u00f3n otorgue un bono a los beneficiarios de la Asignaci\u00f3n Universal\npor Hijo (AUH). \u201cNo hay nada concreto por el momento\u201d, respondi\u00f3.<\/p>\n\n\n\n<p>Asimismo, con relaci\u00f3n a la fe de vida o control de\nsupervivencia, dijo que \u201cel Banco Naci\u00f3n emiti\u00f3 un comunicado informando que\nquedaba suspendida por 60 d\u00edas\u201d.<\/p>\n\n\n\n<p>En esa l\u00ednea, indic\u00f3 que \u201ctambi\u00e9n estamos planteando\na la patronal que nos garantice las becas Progresar, si se puede extender el\nplazo de inscripci\u00f3n, y tambi\u00e9n en relaci\u00f3n a los beneficiarios que sacaron\nturnos para gestiones de jubilaci\u00f3n\u201d.<\/p>\n\n\n\n<p>\u201cA partir de este martes 17 vamos a tener la\ninformaci\u00f3n de los compa\u00f1eros que ingresan dentro de las licencias\nextraordinarias y ah\u00ed se va a ver cu\u00e1ntos empleados quedan en la UDAI. De\nacuerdo a eso se va a proceder a ver si \u00fanicamente se pueden atender turnos de\ncar\u00e1cter urgente. La situaci\u00f3n va ser muy cambiante y va a depender de cu\u00e1ntos\noperadores se encuentren en la Delegaci\u00f3n\u201d, apunt\u00f3.&nbsp; <\/p>\n","protected":false},"excerpt":{"rendered":"<p>Desde el martes 17 de marzo, las oficinas de la Administraci\u00f3n Nacional de la Seguridad Social (ANSeS) permanecer\u00e1n abiertas con un esquema de atenci\u00f3n reducido y s\u00f3lo se atender\u00e1n los tr\u00e1mites con turno, se inform\u00f3 desde la direcci\u00f3n ejecutiva del organismo nacional. Los turnos para inicio de tr\u00e1mites previsionales con fecha entre el 17 y [&hellip;]<\/p>\n","protected":false},"author":11,"featured_media":42141,"comment_status":"open","ping_status":"open","sticky":false,"template":"","format":"standard","meta":{"footnotes":""},"categories":[2],"tags":[],"class_list":["post-42131","post","type-post","status-publish","format-standard","has-post-thumbnail","hentry","category-locales"],"_links":{"self":[{"href":"http:\/\/informeformosa.com.ar\/index.php?rest_route=\/wp\/v2\/posts\/42131","targetHints":{"allow":["GET"]}}],"collection":[{"href":"http:\/\/informeformosa.com.ar\/index.php?rest_route=\/wp\/v2\/posts"}],"about":[{"href":"http:\/\/informeformosa.com.ar\/index.php?rest_route=\/wp\/v2\/types\/post"}],"author":[{"embeddable":true,"href":"http:\/\/informeformosa.com.ar\/index.php?rest_route=\/wp\/v2\/users\/11"}],"replies":[{"embeddable":true,"href":"http:\/\/informeformosa.com.ar\/index.php?rest_route=%2Fwp%2Fv2%2Fcomments&post=42131"}],"version-history":[{"count":1,"href":"http:\/\/informeformosa.com.ar\/index.php?rest_route=\/wp\/v2\/posts\/42131\/revisions"}],"predecessor-version":[{"id":42142,"href":"http:\/\/informeformosa.com.ar\/index.php?rest_route=\/wp\/v2\/posts\/42131\/revisions\/42142"}],"wp:featuredmedia":[{"embeddable":true,"href":"http:\/\/informeformosa.com.ar\/index.php?rest_route=\/wp\/v2\/media\/42141"}],"wp:attachment":[{"href":"http:\/\/informeformosa.com.ar\/index.php?rest_route=%2Fwp%2Fv2%2Fmedia&parent=42131"}],"wp:term":[{"taxonomy":"category","embeddable":true,"href":"http:\/\/informeformosa.com.ar\/index.php?rest_route=%2Fwp%2Fv2%2Fcategories&post=42131"},{"taxonomy":"post_tag","embeddable":true,"href":"http:\/\/informeformosa.com.ar\/index.php?rest_route=%2Fwp%2Fv2%2Ftags&post=42131"}],"curies":[{"name":"wp","href":"https:\/\/api.w.org\/{rel}","templated":true}]}}