{"id":41869,"date":"2020-02-26T19:55:16","date_gmt":"2020-02-26T22:55:16","guid":{"rendered":"http:\/\/informeformosa.com.ar\/?p=41869"},"modified":"2020-02-26T19:55:18","modified_gmt":"2020-02-26T22:55:18","slug":"parola-cuando-el-macrismo-incendiaba-el-pais-insfran-lanzo-un-plan-alimentario-y-amplio-ayuda-social","status":"publish","type":"post","link":"http:\/\/informeformosa.com.ar\/?p=41869","title":{"rendered":"Parola: \u201cCuando el macrismo incendiaba el pa\u00eds, Insfr\u00e1n lanz\u00f3 un plan alimentario y ampli\u00f3 ayuda social\u201d"},"content":{"rendered":"\n<p>La diputada nacional por el Frente de Todos\n(FdT)-Formosa, Graciela Parola, exhort\u00f3 a tener memoria y no olvidar que\n\u201cFormosa fue la \u00fanica provincia que en medio de la peor crisis econ\u00f3mica y\nsocial de la historia del pa\u00eds lanz\u00f3 un plan alimentario para contener a miles\nde familias en situaci\u00f3n de extrema vulnerabilidad social\u201d.<\/p>\n\n\n\n<p>Marc\u00f3 la legisladora que cientos de personas \u201chab\u00edan\nquedado totalmente excluidos por el sistema perverso del neoliberalismo\u201d,\nadem\u00e1s de hacer hincapi\u00e9 en que desde la gesti\u00f3n del gobernador Gildo Insfr\u00e1n\n\u201cse ampliaron servicios como el nutricional a los colegios secundarios y se\ngarantiz\u00f3 igualdad de oportunidades a todos\u201d.<\/p>\n\n\n\n<p>En esa l\u00ednea consider\u00f3 importante que todos los\nformose\u00f1os sepan que el Plan \u201cArgentina contra el Hambre\u201d fue inspirado en el\nPlan Alimentario Provincial Nutrir, por lo que \u201cdebemos sentirnos orgullosos de\ncontar con un gobernador como el doctor Insfr\u00e1n, que no s\u00f3lo tiene visi\u00f3n, sino\nlas garras necesarias para enfrentar a quien tenga que enfrentar en defensa de\nsu pueblo\u201d.<\/p>\n\n\n\n<p>Record\u00f3 que el Plan Nutrir se lanz\u00f3 el 16 de octubre\nde 2018, cuando el gobernador Insfr\u00e1n \u201cuna vez m\u00e1s, fue un visionario y\nenfrent\u00f3 la adversidad con hechos concretos\u201d y advirti\u00f3 el trabajo previo que\nconllev\u00f3 su implementaci\u00f3n: con los productores, los Centros de Validaci\u00f3n de\nTecnolog\u00edas Agropecuarias (CEDEVA), el Ministerio de la Producci\u00f3n, la planta\nNutrifor, el Instituto PAIPPA, entre otros, repotenciando un andamiaje\nasistencial que tenemos articulado a partir del Modelo Formose\u00f1o\u201d.<\/p>\n\n\n\n<p>\u201cLa pol\u00edtica social de Formosa fue y es ejemplo a\nseguir por otras provincias y por la Naci\u00f3n. Ahora fue el Plan Nutrir que se\ntradujo en Argentina contra el Hambre, que llegar\u00e1 a Formosa en poco tiempo m\u00e1s\npara beneficiar a miles de familias que quedaron excluidas del sistema\ncapitalista del Gobierno anterior, pero fueron tenidas en cuenta por este\nGobierno provincial de la mano de un Gobernador que se preocupa y se ocupa de\nsu gente\u201d, enfatiz\u00f3.<\/p>\n\n\n\n<p>En este contexto, Parola advirti\u00f3 que \u201cel Plan\nNutrir no s\u00f3lo constituye una respuesta r\u00e1pida a la gente m\u00e1s humilde, sino\ntambi\u00e9n parte de la pol\u00edtica a favor de la econom\u00eda rural a trav\u00e9s de la compra\ndirecta a los peque\u00f1os productores paipperos, garantizando alimentos frescos y\nsaludables de excelente calidad\u201d.&nbsp; <\/p>\n\n\n\n<p>\u201cMientras muchos dudaban el rumbo que tomar\u00eda el\npa\u00eds y se manten\u00edan expectantes, Formosa adopt\u00f3 medidas concretas en materia\nsocial y lo hizo a trav\u00e9s no s\u00f3lo de este programa alimentario, que llega cada\n15 d\u00edas con alimentos saludables a m\u00e1s de 17 mil familias, sino tambi\u00e9n\nampliando servicios, como el de copa de leche a los colegios secundarios de\ntoda la provincia\u201d, subray\u00f3.<\/p>\n\n\n\n<p>En ese sentido, contrast\u00f3 diciendo que \u201ccuando el\naporte de la Naci\u00f3n era m\u00ednimo al servicio nutricional que se prestaba en las\nguarder\u00edas, jardines de infantes y escuelas primarias, nuestro Gobernador\ndispuso reforzar y ampliar la asistencia y contenci\u00f3n para todos los ni\u00f1os y\nj\u00f3venes\u201d.<\/p>\n\n\n\n<p>Por ello, exhort\u00f3 a tomar conciencia de la pol\u00edtica\nsocial que \u201cen Formosa hace punta a nivel pa\u00eds y es replicado en varios\naspectos por el Gobierno Nacional que supo valorar la visi\u00f3n y acci\u00f3n del\ngobernador Insfr\u00e1n a favor de la gente, en medio de la peor tormenta, a trav\u00e9s\nde pol\u00edticas de inclusi\u00f3n social\u201d.<\/p>\n\n\n\n<p>Finalmente, recalc\u00f3 que \u201cla tarjeta alimentaria\nnacional est\u00e1 llegando a distintas provincias y tambi\u00e9n lo har\u00e1 a Formosa para\nampliar derechos y garantizar una mejor calidad de vida para todos\u201d.<\/p>\n","protected":false},"excerpt":{"rendered":"<p>La diputada nacional por el Frente de Todos (FdT)-Formosa, Graciela Parola, exhort\u00f3 a tener memoria y no olvidar que \u201cFormosa fue la \u00fanica provincia que en medio de la peor crisis econ\u00f3mica y social de la historia del pa\u00eds lanz\u00f3 un plan alimentario para contener a miles de familias en situaci\u00f3n de extrema vulnerabilidad social\u201d. [&hellip;]<\/p>\n","protected":false},"author":11,"featured_media":41878,"comment_status":"open","ping_status":"open","sticky":false,"template":"","format":"standard","meta":{"footnotes":""},"categories":[3],"tags":[],"class_list":["post-41869","post","type-post","status-publish","format-standard","has-post-thumbnail","hentry","category-politica-y-economia"],"_links":{"self":[{"href":"http:\/\/informeformosa.com.ar\/index.php?rest_route=\/wp\/v2\/posts\/41869","targetHints":{"allow":["GET"]}}],"collection":[{"href":"http:\/\/informeformosa.com.ar\/index.php?rest_route=\/wp\/v2\/posts"}],"about":[{"href":"http:\/\/informeformosa.com.ar\/index.php?rest_route=\/wp\/v2\/types\/post"}],"author":[{"embeddable":true,"href":"http:\/\/informeformosa.com.ar\/index.php?rest_route=\/wp\/v2\/users\/11"}],"replies":[{"embeddable":true,"href":"http:\/\/informeformosa.com.ar\/index.php?rest_route=%2Fwp%2Fv2%2Fcomments&post=41869"}],"version-history":[{"count":1,"href":"http:\/\/informeformosa.com.ar\/index.php?rest_route=\/wp\/v2\/posts\/41869\/revisions"}],"predecessor-version":[{"id":41879,"href":"http:\/\/informeformosa.com.ar\/index.php?rest_route=\/wp\/v2\/posts\/41869\/revisions\/41879"}],"wp:featuredmedia":[{"embeddable":true,"href":"http:\/\/informeformosa.com.ar\/index.php?rest_route=\/wp\/v2\/media\/41878"}],"wp:attachment":[{"href":"http:\/\/informeformosa.com.ar\/index.php?rest_route=%2Fwp%2Fv2%2Fmedia&parent=41869"}],"wp:term":[{"taxonomy":"category","embeddable":true,"href":"http:\/\/informeformosa.com.ar\/index.php?rest_route=%2Fwp%2Fv2%2Fcategories&post=41869"},{"taxonomy":"post_tag","embeddable":true,"href":"http:\/\/informeformosa.com.ar\/index.php?rest_route=%2Fwp%2Fv2%2Ftags&post=41869"}],"curies":[{"name":"wp","href":"https:\/\/api.w.org\/{rel}","templated":true}]}}