{"id":41725,"date":"2020-02-12T20:09:54","date_gmt":"2020-02-12T23:09:54","guid":{"rendered":"http:\/\/informeformosa.com.ar\/?p=41725"},"modified":"2020-02-12T20:09:57","modified_gmt":"2020-02-12T23:09:57","slug":"vivi-el-verano-2020-estara-en-el-itati-i","status":"publish","type":"post","link":"http:\/\/informeformosa.com.ar\/?p=41725","title":{"rendered":"Viv\u00ed el verano 2020 estar\u00e1 en el Itat\u00ed I"},"content":{"rendered":"\n<p>Este mi\u00e9rcoles, se llev\u00f3 a cabo la reuni\u00f3n\norganizativa entre autoridades del Ministerio de Turismo y otros organismos del\nGobierno provincial de cara a las actividades que se desarrollar\u00e1n este s\u00e1bado\n15 desde el programa \u00abViv\u00ed el verano 2020 en Formosa Hermosa\u00bb, esta\nvez desde el barrio Itat\u00ed I de la ciudad capital.<\/p>\n\n\n\n<p>El asesor del Ministerio de Turismo, Gustavo\nSilguero sostuvo que el programa es exitoso en todo el territorio, \u00abLo\nhemos llevado a cabo en distintas localidades del interior provincial, y ahora\nen distintos barrios de la ciudad, para que en esta temporada de verano\ngeneremos alternativas de recreaci\u00f3n y esparcimiento para las familias, y los\nresultados son sumamente positivos\u00bb.<\/p>\n\n\n\n<p>\u00abEste s\u00e1bado 15 continuaremos con la\npropuesta que viene llevando el Gobierno de Formosa,&nbsp;y estaremos\npresentes en la plaza principal del barrio Itat\u00ed I, hacemos extensiva la\ninvitaci\u00f3n a todos los barrios aleda\u00f1os\u00bb, continu\u00f3.<\/p>\n\n\n\n<p>Silguero coment\u00f3 que durante el trabajo previo,\nlas distintas \u00e1reas gubernamentales reacondicionan los \u00e1mbitos, y luego, el\nespacio p\u00fablico acondicionado y embellecido, queda en beneficio de todos los\nvecinos.<\/p>\n\n\n\n<p>Evalu\u00f3 el programa al se\u00f1alar que es\n\u201cexcelente, dimos inicio de esto hace semanas en el barrio La Nueva Formosa,\nluego virgen del Rosario con gran concurrencia de vecinos, es lo que nos obliga\nen cierta forma a redoblar esfuerzos, es el compromiso del gobierno: en esta\ntemporada de verano de generar alternativas de recreaci\u00f3n, esparcimiento,\nreacondicionar \u00e1mbitos, trabajo que realizan distintos organismos\u201d.<\/p>\n\n\n\n<p>Valor\u00f3 el trabajo que realizan en el\nacondicionamiento de los distintos \u00e1mbitos para el d\u00eda del evento, pero que\nluego queda para beneficio de los vecinos del barrio.<\/p>\n","protected":false},"excerpt":{"rendered":"<p>Este mi\u00e9rcoles, se llev\u00f3 a cabo la reuni\u00f3n organizativa entre autoridades del Ministerio de Turismo y otros organismos del Gobierno provincial de cara a las actividades que se desarrollar\u00e1n este s\u00e1bado 15 desde el programa \u00abViv\u00ed el verano 2020 en Formosa Hermosa\u00bb, esta vez desde el barrio Itat\u00ed I de la ciudad capital. El asesor [&hellip;]<\/p>\n","protected":false},"author":11,"featured_media":41736,"comment_status":"open","ping_status":"open","sticky":false,"template":"","format":"standard","meta":{"footnotes":""},"categories":[6],"tags":[],"class_list":["post-41725","post","type-post","status-publish","format-standard","has-post-thumbnail","hentry","category-nacionales"],"_links":{"self":[{"href":"http:\/\/informeformosa.com.ar\/index.php?rest_route=\/wp\/v2\/posts\/41725","targetHints":{"allow":["GET"]}}],"collection":[{"href":"http:\/\/informeformosa.com.ar\/index.php?rest_route=\/wp\/v2\/posts"}],"about":[{"href":"http:\/\/informeformosa.com.ar\/index.php?rest_route=\/wp\/v2\/types\/post"}],"author":[{"embeddable":true,"href":"http:\/\/informeformosa.com.ar\/index.php?rest_route=\/wp\/v2\/users\/11"}],"replies":[{"embeddable":true,"href":"http:\/\/informeformosa.com.ar\/index.php?rest_route=%2Fwp%2Fv2%2Fcomments&post=41725"}],"version-history":[{"count":1,"href":"http:\/\/informeformosa.com.ar\/index.php?rest_route=\/wp\/v2\/posts\/41725\/revisions"}],"predecessor-version":[{"id":41737,"href":"http:\/\/informeformosa.com.ar\/index.php?rest_route=\/wp\/v2\/posts\/41725\/revisions\/41737"}],"wp:featuredmedia":[{"embeddable":true,"href":"http:\/\/informeformosa.com.ar\/index.php?rest_route=\/wp\/v2\/media\/41736"}],"wp:attachment":[{"href":"http:\/\/informeformosa.com.ar\/index.php?rest_route=%2Fwp%2Fv2%2Fmedia&parent=41725"}],"wp:term":[{"taxonomy":"category","embeddable":true,"href":"http:\/\/informeformosa.com.ar\/index.php?rest_route=%2Fwp%2Fv2%2Fcategories&post=41725"},{"taxonomy":"post_tag","embeddable":true,"href":"http:\/\/informeformosa.com.ar\/index.php?rest_route=%2Fwp%2Fv2%2Ftags&post=41725"}],"curies":[{"name":"wp","href":"https:\/\/api.w.org\/{rel}","templated":true}]}}