{"id":41715,"date":"2020-02-11T19:34:42","date_gmt":"2020-02-11T22:34:42","guid":{"rendered":"http:\/\/informeformosa.com.ar\/?p=41715"},"modified":"2020-02-11T19:34:44","modified_gmt":"2020-02-11T22:34:44","slug":"el-colorado-de-aniversario-y-en-vidriera-regional","status":"publish","type":"post","link":"http:\/\/informeformosa.com.ar\/?p=41715","title":{"rendered":"El Colorado de aniversario y en vidriera regional"},"content":{"rendered":"\n<p>El 11 de febrero, la\n\u00abPerla del Sur\u00bb celebr\u00f3 su 84\u00b0 aniversario sin acto protocolar, con\nactividades deportivas durante el d\u00eda, artistas en el escenario mayor de la\nPlaza San Mart\u00edn por la tarde y noche, contabilizando unas diez mil personas\npresentes durante la jornada. <\/p>\n\n\n\n<p>En este sentido, el\nintendente de El Colorado, Mario Brignole, detall\u00f3 que \u00abFue una verdadera\nfiesta, la serenata estuvo a cargo de L\u00e1zaro Caballero como ya hace varios\na\u00f1os, tambi\u00e9n estuvieron grandes artistas regionales y cerraron Los\nChaques\u00bb.<\/p>\n\n\n\n<p>En el marco de\naniversario, la localidad desarroll\u00f3 una serie de torneos deportivos, f\u00fatbol,\nb\u00e1squet, paddle, tenis, ping pong, tejo, marat\u00f3n 5k, ciclismo, atletismo\nadaptado, v\u00f3leibol, voley de playa, ante \u00e9ste Brignole asever\u00f3, \u00abEl beach\nv\u00f3ley est\u00e1 en auge por las canchas que tenemos, re\u00fane todos los requisitos para\nser excelente\u201d.<\/p>\n\n\n\n<p>\u00abLos vecinos\nconcurrieron de manera masiva, nos encontramos, nos estrechamos en un abrazo,\nnos deseamos \u00e9xitos y celebramos que tenemos un presente maravilloso en El\nColorado\u00bb, agreg\u00f3 el jefe comunal, y orgulloso destac\u00f3: \u00abLa\nincorporaci\u00f3n del Parque Acu\u00e1tico ha cambiado para siempre nuestra temporada\nveraniega\u00bb.<\/p>\n\n\n\n<p>En este sentido,\nBrignole dijo sentirse orgulloso de que su localidad se encuentre dentro de la\nvidriera tur\u00edstica regional, ya que, las diecisiete hect\u00e1reas que conforman el\nCamping Municipal han dinamizado la econom\u00eda interna e incrementado el consumo\ninterno local: \u00abS\u00f3lo el Parque Acu\u00e1tico -sin contar los visitantes del\ncamping- han tra\u00eddo unos 60 mil turistas desde el 7 de diciembre, nuestros\nhoteleros est\u00e1n colmados, otros ponen sus casas a disposici\u00f3n para hospedajes,\ntodos los emprendedores de nuestra comunidad se han visto beneficiados\u00bb,\npuntualiz\u00f3.<\/p>\n\n\n\n<p>En otro orden, el\nintendente asegur\u00f3 que por el momento no hay grandes anuncios, ya que primero\nhay que ser prudente y aguardar a que se reacomode la macroeconom\u00eda, y en este\nsentido recalc\u00f3 que \u00abLo importante es que el pensamiento nacional y\npopular, con inclusi\u00f3n, volvi\u00f3 al escenario nacional\u00bb.<\/p>\n\n\n\n<p>Para finalizar,\nagradeci\u00f3 el apoyo del Gobierno Provincial y el respaldo ante la quita del\nFondo Federal Solidario, \u00abNo paramos de avanzar -como dice el gobernador-\nno con el ritmo que querr\u00edamos por la situaci\u00f3n macroecon\u00f3mica pero avanzamos en\ncada una de las obras que venimos realizando\u00bb. <\/p>\n\n\n\n<p>\u00abLa macroeconom\u00eda\nse va a reacomodar en la medida que se incremente el consumo externo y que\npodamos -de cierta manera- solucionar el problema de la deuda externa\u00bb,\ncerr\u00f3. <\/p>\n","protected":false},"excerpt":{"rendered":"<p>El 11 de febrero, la \u00abPerla del Sur\u00bb celebr\u00f3 su 84\u00b0 aniversario sin acto protocolar, con actividades deportivas durante el d\u00eda, artistas en el escenario mayor de la Plaza San Mart\u00edn por la tarde y noche, contabilizando unas diez mil personas presentes durante la jornada. En este sentido, el intendente de El Colorado, Mario Brignole, [&hellip;]<\/p>\n","protected":false},"author":11,"featured_media":41716,"comment_status":"open","ping_status":"open","sticky":false,"template":"","format":"standard","meta":{"footnotes":""},"categories":[11],"tags":[],"class_list":["post-41715","post","type-post","status-publish","format-standard","has-post-thumbnail","hentry","category-interior"],"_links":{"self":[{"href":"http:\/\/informeformosa.com.ar\/index.php?rest_route=\/wp\/v2\/posts\/41715","targetHints":{"allow":["GET"]}}],"collection":[{"href":"http:\/\/informeformosa.com.ar\/index.php?rest_route=\/wp\/v2\/posts"}],"about":[{"href":"http:\/\/informeformosa.com.ar\/index.php?rest_route=\/wp\/v2\/types\/post"}],"author":[{"embeddable":true,"href":"http:\/\/informeformosa.com.ar\/index.php?rest_route=\/wp\/v2\/users\/11"}],"replies":[{"embeddable":true,"href":"http:\/\/informeformosa.com.ar\/index.php?rest_route=%2Fwp%2Fv2%2Fcomments&post=41715"}],"version-history":[{"count":1,"href":"http:\/\/informeformosa.com.ar\/index.php?rest_route=\/wp\/v2\/posts\/41715\/revisions"}],"predecessor-version":[{"id":41717,"href":"http:\/\/informeformosa.com.ar\/index.php?rest_route=\/wp\/v2\/posts\/41715\/revisions\/41717"}],"wp:featuredmedia":[{"embeddable":true,"href":"http:\/\/informeformosa.com.ar\/index.php?rest_route=\/wp\/v2\/media\/41716"}],"wp:attachment":[{"href":"http:\/\/informeformosa.com.ar\/index.php?rest_route=%2Fwp%2Fv2%2Fmedia&parent=41715"}],"wp:term":[{"taxonomy":"category","embeddable":true,"href":"http:\/\/informeformosa.com.ar\/index.php?rest_route=%2Fwp%2Fv2%2Fcategories&post=41715"},{"taxonomy":"post_tag","embeddable":true,"href":"http:\/\/informeformosa.com.ar\/index.php?rest_route=%2Fwp%2Fv2%2Ftags&post=41715"}],"curies":[{"name":"wp","href":"https:\/\/api.w.org\/{rel}","templated":true}]}}