{"id":41703,"date":"2020-02-11T19:31:43","date_gmt":"2020-02-11T22:31:43","guid":{"rendered":"http:\/\/informeformosa.com.ar\/?p=41703"},"modified":"2020-02-11T19:31:45","modified_gmt":"2020-02-11T22:31:45","slug":"ibarreta-vivira-tres-noches-a-puro-carnaval","status":"publish","type":"post","link":"http:\/\/informeformosa.com.ar\/?p=41703","title":{"rendered":"Ibarreta vivir\u00e1 tres noches a puro carnaval"},"content":{"rendered":"\n<p>Ibarreta, denominada \u201cla Capital provincial de los carnavales\u201d, con m\u00e1s\nde 30 a\u00f1os de tradici\u00f3n, se prepara para celebrarlos los d\u00edas 14, 15 y 16 de\nfebrero, as\u00ed lo confirm\u00f3 el intendente local,AdanJarzynski. <\/p>\n\n\n\n<p>Un total de seis comparsas mayores, dos de ellas de pueblos originarios,\ntres comparsas infantiles y seis agrupaciones musicales desfilar\u00e1n en el mega\ncircuito, que contar\u00e1 con show musicales.<\/p>\n\n\n\n<p>Para las tres noches de carnaval, siendo el inicio este viernes 14,\nhabr\u00e1 tres personas como jurados y dos emisarios de pista, todos ellos evaluar\u00e1n\nel desempe\u00f1o de las comparsas, calificando el jefe comunal como una labor que\nle otorga \u201cprestigio y exigencia para todas las comparsas que participan\u201d. <\/p>\n\n\n\n<p>Sobre los emisarios explic\u00f3 que se trata de dos personas, quienes se\nubican, una al inicio y otra al final del circuito con el objetivo de que las\ncomparsas cumplan con los tiempos previstos para el desfile. <\/p>\n\n\n\n<p>Adem\u00e1s, indicando que los jurados son correntinos, \u201csiendo el cuarto a\u00f1o\nque contamos con este jurado que en la \u00faltima noche a partir de los puntajes de\nlas jornadas anteriores van a determinar al ganador de los corsos edici\u00f3n 2020\u201d;\nagregando que tambi\u00e9n se deber\u00e1 elegir el domingo la reina del carnaval. <\/p>\n\n\n\n<p>A las 22 arranca el corso con el desfile de las comparsas infantiles y a\nlas 00 horas salen a la pista las comparsas mayores y las agrupaciones\nmusicales o batucadas. La entrada al evento es libre y gratuita como todos los\na\u00f1os, subray\u00f3 el intendente y agradeci\u00f3 a gobernador Gildo Insfr\u00e1n \u201cpor el\napoyo que nos permite decir que somos la capital provincial de los carnavales y\nposicionarnos estrat\u00e9gicamente en materia tur\u00edstica \u201c. <\/p>\n\n\n\n<p>Justamente para la edici\u00f3n 2020 de los corsos, a\u00f1adi\u00f3 que los hoteles\ntienen ocupaci\u00f3n total y esperan visitantes de diferentes puntos del territorio\nprovincial. <\/p>\n\n\n\n<p>Oriente Ritmo Show es la campeona de las \u00faltimas ediciones de los corsos\nde Ibarreta. <\/p>\n\n\n\n<p><strong>MUSEO DEL\nCARNAVAL<\/strong><\/p>\n\n\n\n<p>El jefe comunal, AdanJarzynski, inform\u00f3 que Ibarreta cuenta con un museo\ndel carnaval donde se exponen los trajes y los trabajos que realizan los\nbailares cada a\u00f1o, siendo el \u201c\u00fanico museo que existe en la provincia\u201d. <\/p>\n\n\n\n<p>En tal sentido, invit\u00f3 a la gente a visitarlo, a\u00f1adiendo que est\u00e1\nabierto de lunes a domingo por la ma\u00f1ana y la tarde. <\/p>\n\n\n\n<p>En el lugar se encuentran los trajes que de manera artesanal fueron\ncreados por comparseros y comparseras. <\/p>\n","protected":false},"excerpt":{"rendered":"<p>Ibarreta, denominada \u201cla Capital provincial de los carnavales\u201d, con m\u00e1s de 30 a\u00f1os de tradici\u00f3n, se prepara para celebrarlos los d\u00edas 14, 15 y 16 de febrero, as\u00ed lo confirm\u00f3 el intendente local,AdanJarzynski. Un total de seis comparsas mayores, dos de ellas de pueblos originarios, tres comparsas infantiles y seis agrupaciones musicales desfilar\u00e1n en el [&hellip;]<\/p>\n","protected":false},"author":11,"featured_media":41713,"comment_status":"open","ping_status":"open","sticky":false,"template":"","format":"standard","meta":{"footnotes":""},"categories":[11],"tags":[],"class_list":["post-41703","post","type-post","status-publish","format-standard","has-post-thumbnail","hentry","category-interior"],"_links":{"self":[{"href":"http:\/\/informeformosa.com.ar\/index.php?rest_route=\/wp\/v2\/posts\/41703","targetHints":{"allow":["GET"]}}],"collection":[{"href":"http:\/\/informeformosa.com.ar\/index.php?rest_route=\/wp\/v2\/posts"}],"about":[{"href":"http:\/\/informeformosa.com.ar\/index.php?rest_route=\/wp\/v2\/types\/post"}],"author":[{"embeddable":true,"href":"http:\/\/informeformosa.com.ar\/index.php?rest_route=\/wp\/v2\/users\/11"}],"replies":[{"embeddable":true,"href":"http:\/\/informeformosa.com.ar\/index.php?rest_route=%2Fwp%2Fv2%2Fcomments&post=41703"}],"version-history":[{"count":1,"href":"http:\/\/informeformosa.com.ar\/index.php?rest_route=\/wp\/v2\/posts\/41703\/revisions"}],"predecessor-version":[{"id":41714,"href":"http:\/\/informeformosa.com.ar\/index.php?rest_route=\/wp\/v2\/posts\/41703\/revisions\/41714"}],"wp:featuredmedia":[{"embeddable":true,"href":"http:\/\/informeformosa.com.ar\/index.php?rest_route=\/wp\/v2\/media\/41713"}],"wp:attachment":[{"href":"http:\/\/informeformosa.com.ar\/index.php?rest_route=%2Fwp%2Fv2%2Fmedia&parent=41703"}],"wp:term":[{"taxonomy":"category","embeddable":true,"href":"http:\/\/informeformosa.com.ar\/index.php?rest_route=%2Fwp%2Fv2%2Fcategories&post=41703"},{"taxonomy":"post_tag","embeddable":true,"href":"http:\/\/informeformosa.com.ar\/index.php?rest_route=%2Fwp%2Fv2%2Ftags&post=41703"}],"curies":[{"name":"wp","href":"https:\/\/api.w.org\/{rel}","templated":true}]}}