{"id":41701,"date":"2020-02-11T19:28:41","date_gmt":"2020-02-11T22:28:41","guid":{"rendered":"http:\/\/informeformosa.com.ar\/?p=41701"},"modified":"2020-02-11T19:28:43","modified_gmt":"2020-02-11T22:28:43","slug":"cultura-de-la-provincia-delinea-futuras-actividades","status":"publish","type":"post","link":"http:\/\/informeformosa.com.ar\/?p=41701","title":{"rendered":"Cultura de la provincia delinea futuras actividades"},"content":{"rendered":"\n<p>Tras la exitosa realizaci\u00f3n del Encuentro\nInternacional de Arte P\u00fablico y Muralismo en Formosa y Herradura, desde la\nesfera de Cultura de la provincia se avanza en la organizaci\u00f3n de diferentes actividades,\ncomo una bienal de arte popular y campamentos culturales juveniles.<\/p>\n\n\n\n<p>El subsecretario de Cultura, el profesor Alfredo\nJara, hizo notar que \u00ablos muralistas se van felices\u00bb por el \u00e9xito\nlogrado en el reciente encuentro enmarcado en la XVII Fiesta Nacional de la\nCorvina. Ahora, unos 60 murales embellecen varios barrios capitalinos y de la\nvilla tur\u00edstica.<\/p>\n\n\n\n<p>\u00abLos muralistas se van felices -remarc\u00f3-. Ya\nest\u00e1n extra\u00f1ando y van a audicionar para el pr\u00f3ximo a\u00f1o nuevamente, para ver si\nson convocados, porque desde el \u00c1rea de Muralismo del Ministerio de Cultura y\nEducaci\u00f3n, en forma conjunta con el Movimiento Formose\u00f1o de Muralismo, se\ndetermina el lema, el motivo de la convocatoria y se reciben propuestas y\nbocetos, que luego son evaluados y seleccionados de acuerdo a nuestra capacidad\noperativa\u00bb.<\/p>\n\n\n\n<p>Se\u00f1al\u00f3 que \u00abfinalizado este encuentro, nos\nreuniremos con ese colectivo que lleva el nombre de Mart\u00edn Rolendio Albornoz,\nun gran artista formose\u00f1o, y vamos a hacer una evaluaci\u00f3n, ya que hay tambi\u00e9n\nuna decisi\u00f3n que viene desde hace un tiempo anidando en el esp\u00edritu nuestro,\nque es caminar hacia una bienal de arte popular para el pr\u00f3ximo a\u00f1o o para el\n2021\u00bb.<\/p>\n\n\n\n<p>\u00abPensamos en una bienal de arte popular donde\nel teatro, la m\u00fasica, la pl\u00e1stica, la danza y el cine se encuentren en una\nmultiplicidad de espacios y abarquen la totalidad del territorio\nprovincial\u00bb, indic\u00f3.<\/p>\n\n\n\n<p>En ese sentido, coment\u00f3 el funcionario que \u00abesa\nva a ser una de nuestras propuestas en el relanzamiento de nuestro plan\nestrat\u00e9gico de cultura, donde esta actividad la estamos trabajando con el\ndoctor Gustavo Silguero y el equipo que trabaja en el Ministerio de\nTurismo\u00bb.<\/p>\n\n\n\n<p>Acciones<\/p>\n\n\n\n<p>Apunt\u00f3 que adem\u00e1s que \u00abeste a\u00f1o queremos poner\nmucho \u00e9nfasis en trabajar con los responsables de Cultura de los Municipios y retomar\nun trabajo que ya hace bastante tiempo ven\u00edamos desarrollando con Jorge\nSantander, que son los campamentos culturales juveniles, un espacio para el\ncrecimiento de las capacidades art\u00edsticas, pero tambi\u00e9n para la reflexi\u00f3n\npol\u00edtica, ya que el artista siempre est\u00e1 comprometido con el aqu\u00ed y ahora, con\nla comunidad que habita, buscando construir una comunidad organizada de\nvalores, donde el acceso a los bienes culturales sea un derecho humano\nfundamental\u00bb.<\/p>\n\n\n\n<p>En ese sentido, el subsecretario Jara coment\u00f3 que\njunto al artista y profesor \u00c1ngel &#8216;Tinga&#8217; Deolas se encontraban terminando una\nnueva caricatura sobre los personajes que forman parte del patrimonio\nhist\u00f3rico-cultural provincial.<\/p>\n\n\n\n<p>\u00abEst\u00e1 terminando el trabajo de Margarita Diez,\nescritora, poeta y narradora, esta mujer extraordinaria y estamos acordando una\nfrase que marc\u00f3 a &#8216;Tinga&#8217; profundamente en uno de sus libros, que dice &#8216;no\npases por este mundo sin dejar aunque sea el aliento que empa\u00f1a el cristal de\nuna mirada&#8217;, que es de Margarita\u00bb, relat\u00f3.<\/p>\n\n\n\n<p>Acentu\u00f3 que asimismo \u00abnos queda pendiente hacer\nun mural sobre el trabajo de &#8216;Tinga&#8217; en uno de los laterales de la parroquia\nSan Miguel. Es un compromiso asumido que lo vamos a cumplir antes de la fiesta\npatronal, as\u00ed que tambi\u00e9n esto incentiva\u00bb.<\/p>\n\n\n\n<p>\u00abHan sido muchos los vecinos que pidieron ahora\nque los muralistas formose\u00f1os se aboquen a rescatar personajes e historias de\nlos barrios, como es el caso del San Miguel\u00bb, resalt\u00f3 finalmente. <\/p>\n","protected":false},"excerpt":{"rendered":"<p>Tras la exitosa realizaci\u00f3n del Encuentro Internacional de Arte P\u00fablico y Muralismo en Formosa y Herradura, desde la esfera de Cultura de la provincia se avanza en la organizaci\u00f3n de diferentes actividades, como una bienal de arte popular y campamentos culturales juveniles. El subsecretario de Cultura, el profesor Alfredo Jara, hizo notar que \u00ablos muralistas [&hellip;]<\/p>\n","protected":false},"author":11,"featured_media":41710,"comment_status":"open","ping_status":"open","sticky":false,"template":"","format":"standard","meta":{"footnotes":""},"categories":[10],"tags":[],"class_list":["post-41701","post","type-post","status-publish","format-standard","has-post-thumbnail","hentry","category-cultura"],"_links":{"self":[{"href":"http:\/\/informeformosa.com.ar\/index.php?rest_route=\/wp\/v2\/posts\/41701","targetHints":{"allow":["GET"]}}],"collection":[{"href":"http:\/\/informeformosa.com.ar\/index.php?rest_route=\/wp\/v2\/posts"}],"about":[{"href":"http:\/\/informeformosa.com.ar\/index.php?rest_route=\/wp\/v2\/types\/post"}],"author":[{"embeddable":true,"href":"http:\/\/informeformosa.com.ar\/index.php?rest_route=\/wp\/v2\/users\/11"}],"replies":[{"embeddable":true,"href":"http:\/\/informeformosa.com.ar\/index.php?rest_route=%2Fwp%2Fv2%2Fcomments&post=41701"}],"version-history":[{"count":1,"href":"http:\/\/informeformosa.com.ar\/index.php?rest_route=\/wp\/v2\/posts\/41701\/revisions"}],"predecessor-version":[{"id":41711,"href":"http:\/\/informeformosa.com.ar\/index.php?rest_route=\/wp\/v2\/posts\/41701\/revisions\/41711"}],"wp:featuredmedia":[{"embeddable":true,"href":"http:\/\/informeformosa.com.ar\/index.php?rest_route=\/wp\/v2\/media\/41710"}],"wp:attachment":[{"href":"http:\/\/informeformosa.com.ar\/index.php?rest_route=%2Fwp%2Fv2%2Fmedia&parent=41701"}],"wp:term":[{"taxonomy":"category","embeddable":true,"href":"http:\/\/informeformosa.com.ar\/index.php?rest_route=%2Fwp%2Fv2%2Fcategories&post=41701"},{"taxonomy":"post_tag","embeddable":true,"href":"http:\/\/informeformosa.com.ar\/index.php?rest_route=%2Fwp%2Fv2%2Ftags&post=41701"}],"curies":[{"name":"wp","href":"https:\/\/api.w.org\/{rel}","templated":true}]}}