{"id":41700,"date":"2020-02-11T19:27:41","date_gmt":"2020-02-11T22:27:41","guid":{"rendered":"http:\/\/informeformosa.com.ar\/?p=41700"},"modified":"2020-02-11T19:27:43","modified_gmt":"2020-02-11T22:27:43","slug":"en-pirane-inicio-la-colonia-de-vacaciones-en-el-camping-el-chaja","status":"publish","type":"post","link":"http:\/\/informeformosa.com.ar\/?p=41700","title":{"rendered":"En Piran\u00e9, inici\u00f3 la colonia de vacaciones en el camping El Chaj\u00e1"},"content":{"rendered":"\n<p>Este martes por la ma\u00f1ana fue el acto apertura de la colonia de\nvacaciones en la localidad de Piran\u00e9, dirigido a ni\u00f1os y ni\u00f1as de los\nestablecimientos escolares de la zona urbana y rural de esa ciudad. Un total de\n230 alumnos asistir\u00e1nal camping de la cooperativa \u201cEl Chaj\u00e1\u201d para disfrutar de\nlas actividades recreativas en la pileta ol\u00edmpica. La misma fue inaugurada por\nel gobernador Gildo Insfr\u00e1n el pasado 2 de enero y es de acceso para toda la\ncomunidad. <\/p>\n\n\n\n<p>Para llevar adelante la colonia de vacaciones, que tiene previsto que\npor d\u00eda tres escuelas sean integradas, en un trabajo en equipo que tiene como\norganizadores al Instituto de Formaci\u00f3n Docente de Piran\u00e9, yespecialmente a los\nalumnos del profesorado de educaci\u00f3n f\u00edsica. Los estudiantes junto a los\nprofesores de la carrera brindar\u00e1n la&nbsp;\nasistencia de guardavidas. <\/p>\n\n\n\n<p>As\u00ed lo confirm\u00f3 la directora del instituto, Delia Mar\u00eda Sosa de Falc\u00f3n,\nquien indic\u00f3 que se trata de estudiantes del cuarto a\u00f1o, que ya aprobaron el\ncurso de guardavidas, por lo que ser\u00e1 una oportunidad de \u201cponer en pr\u00e1ctica todo\nel conocimiento aprendido en clases\u201d.Agregando que desde el primer a\u00f1o los\nestudiantes del profesoradotienen clases pr\u00e1cticas de nataci\u00f3n, donde aprenden\nlos diferentes estilos acu\u00e1ticos. <\/p>\n\n\n\n<p>Destacando que antes deb\u00edan hacerlo en piletas privadas y que ahora con\nla nueva pileta ol\u00edmpica \u201ctiene&nbsp; m\u00e1s\nconfort y espacio al ser una piscina de mayores dimensiones\u201d que es de suma\nayuda para las pr\u00e1cticas. <\/p>\n\n\n\n<p>Adem\u00e1s del instituto, el equipo de trabajo para la colonia de\nvacaciones, incluye a la delegaci\u00f3n zonal del ministerio de Cultura y Educaci\u00f3n\nde la provincia, la seguridad a trav\u00e9s de la Polic\u00eda de la provincia, la salud\nes garantizada por el personal del Hospital local, se suma el concejo\ndeliberante y la municipalidad local, todos unidos en una tarea mancomunada para\nque los escolares disfruten de la colonia en las vacaciones de verano. <\/p>\n\n\n\n<p>Resaltando que el hermoso camping piranense cuenta tambi\u00e9n con canchas\nde v\u00f3ley, f\u00fatbol y otras disciplinas deportivas, as\u00ed como un espacio para la\nrecreaci\u00f3n con juegos y esparcimiento. <\/p>\n\n\n\n<p>Es por eso que concluyeron las autoridades presentes en el acto de\ninicio, tanto municipales como representantes de organismos del Estado\nprovincial, que el objetivo es que todos los ni\u00f1as y ni\u00f1as de las escuelas de\nla localidad puedan asistir y de esa manera se logra una pol\u00edtica inclusiva, de\nequidad y justicia social. <\/p>\n\n\n\n<p>Finalmente, el profesorado de educaci\u00f3n f\u00edsica, que hace unos a\u00f1os\ncomenz\u00f3 a dictarse en el Instituto de Formaci\u00f3n Docente de Piran\u00e9 en el nivel\nterciario, en este a\u00f1o 2020 contar\u00e1 con los primeros egresados. Una carrera que\ntiene asistencia de j\u00f3venes piranenses y&nbsp;\nde localidades de Ingeniero Ju\u00e1rez, Villa Dos Trece, Comandante Fontana,\nEl Colorado, entre otras. <\/p>\n","protected":false},"excerpt":{"rendered":"<p>Este martes por la ma\u00f1ana fue el acto apertura de la colonia de vacaciones en la localidad de Piran\u00e9, dirigido a ni\u00f1os y ni\u00f1as de los establecimientos escolares de la zona urbana y rural de esa ciudad. Un total de 230 alumnos asistir\u00e1nal camping de la cooperativa \u201cEl Chaj\u00e1\u201d para disfrutar de las actividades recreativas [&hellip;]<\/p>\n","protected":false},"author":11,"featured_media":41708,"comment_status":"open","ping_status":"open","sticky":false,"template":"","format":"standard","meta":{"footnotes":""},"categories":[11],"tags":[],"class_list":["post-41700","post","type-post","status-publish","format-standard","has-post-thumbnail","hentry","category-interior"],"_links":{"self":[{"href":"http:\/\/informeformosa.com.ar\/index.php?rest_route=\/wp\/v2\/posts\/41700","targetHints":{"allow":["GET"]}}],"collection":[{"href":"http:\/\/informeformosa.com.ar\/index.php?rest_route=\/wp\/v2\/posts"}],"about":[{"href":"http:\/\/informeformosa.com.ar\/index.php?rest_route=\/wp\/v2\/types\/post"}],"author":[{"embeddable":true,"href":"http:\/\/informeformosa.com.ar\/index.php?rest_route=\/wp\/v2\/users\/11"}],"replies":[{"embeddable":true,"href":"http:\/\/informeformosa.com.ar\/index.php?rest_route=%2Fwp%2Fv2%2Fcomments&post=41700"}],"version-history":[{"count":1,"href":"http:\/\/informeformosa.com.ar\/index.php?rest_route=\/wp\/v2\/posts\/41700\/revisions"}],"predecessor-version":[{"id":41709,"href":"http:\/\/informeformosa.com.ar\/index.php?rest_route=\/wp\/v2\/posts\/41700\/revisions\/41709"}],"wp:featuredmedia":[{"embeddable":true,"href":"http:\/\/informeformosa.com.ar\/index.php?rest_route=\/wp\/v2\/media\/41708"}],"wp:attachment":[{"href":"http:\/\/informeformosa.com.ar\/index.php?rest_route=%2Fwp%2Fv2%2Fmedia&parent=41700"}],"wp:term":[{"taxonomy":"category","embeddable":true,"href":"http:\/\/informeformosa.com.ar\/index.php?rest_route=%2Fwp%2Fv2%2Fcategories&post=41700"},{"taxonomy":"post_tag","embeddable":true,"href":"http:\/\/informeformosa.com.ar\/index.php?rest_route=%2Fwp%2Fv2%2Ftags&post=41700"}],"curies":[{"name":"wp","href":"https:\/\/api.w.org\/{rel}","templated":true}]}}