{"id":41699,"date":"2020-02-11T19:26:18","date_gmt":"2020-02-11T22:26:18","guid":{"rendered":"http:\/\/informeformosa.com.ar\/?p=41699"},"modified":"2020-02-11T19:26:20","modified_gmt":"2020-02-11T22:26:20","slug":"afirman-que-perdura-el-sentimiento-familiar-en-la-fiesta-de-la-corvina","status":"publish","type":"post","link":"http:\/\/informeformosa.com.ar\/?p=41699","title":{"rendered":"Afirman que \u201cperdura el sentimiento familiar\u201d en la Fiesta de la Corvina"},"content":{"rendered":"\n<p>La subsecretaria de educaci\u00f3n, Anal\u00eda Heizenreder sostuvo que la Fiesta\nNacional de la Corvina de R\u00edo en Herradura, representa el modelo formose\u00f1o que\nencabeza el gobernador Gildo Insfr\u00e1n y del que son protagonistas \u201clas familias\nformose\u00f1as, que nuevamente eligieron venir a disfrutar del evento\u201d. <\/p>\n\n\n\n<p>Dijo que como herradure\u00f1a,es fuerte el afecto y el sentido por el\npueblo. Un pueblo que se prest\u00f3 otra vez a recibir a los visitantes y turistas.\nY que de esa manera \u201csigue perdurando el sentimiento familiar, es lo que\nbuscamos con el modelo formose\u00f1o, de que todos se sientan parte de esta fiesta\nque se hace en Herradura, pero que vuelvo a decir es de todos los que vienen a\nvisitarnos\u201d. <\/p>\n\n\n\n<p>Agregando que para mejor expresar sus palabras, en la competencia de\npesca en la modalidad de remo es \u201cdonde en una embarcaci\u00f3n participan la esposa\ncon su marido, en otra los hijos y de esa manera se mantiene ese \u00e1mbito de familia\u201d.\n<\/p>\n\n\n\n<p>Tambi\u00e9n, como las dem\u00e1s autoridades provinciales, coincidi\u00f3 en se\u00f1alar\nque con mucho tiempo de antelaci\u00f3n los lugare\u00f1os se preparan para este evento,\nque va superando ampliamente &nbsp;las\nexpectativas de sus organizadores. Asimismo los complejos de caba\u00f1as, que ha\ncrecido al igual que la infraestructura y el acondicionamiento de la playa y el\npredio del festival. <\/p>\n\n\n\n<p>En su calidad de funcionaria del \u00e1rea de Educaci\u00f3n detall\u00f3 que los\nestudiantes de las escuelas de la localidad tambi\u00e9n hicieron su aporte en esta\nedici\u00f3n N\u00b018 de la fiesta. \u201cUn grupo de ni\u00f1os de la escuela de la playa\ntrabajaron en la&nbsp; selecci\u00f3n de los\nresiduos y a trav\u00e9s de ello concientizar a la gente de no tirar la basura, o\nque la coloquen en un determinado lugar y as\u00ed podamos compartir un espacio\nlimpio\u201d. <\/p>\n\n\n\n<p>A esta actividad \u201cdiferente\u201d en \u00e9poca de receso escolar, tambi\u00e9n desde\nla escuela N\u00b0 33, de la villa tur\u00edstica \u201chicieron un trabajo con las aves,\nvisitaron a los tucanes y despu\u00e9s lo volcaron en una muestra de fotograf\u00edas. De\nesa manera brindaron un mensaje de cuidado y protecci\u00f3n de las aves\u201d,\nprecisando que no solo en Herradura las escuelas llevan adelante distintas\nactividades sino tambi\u00e9n en otras partes del interior provincial. <\/p>\n\n\n\n<p>Y finalmente dijo que el Ballet Municipal tuvo una destacada actuaci\u00f3n\npese al poco tiempo de ensayo de sus integrantes. <\/p>\n","protected":false},"excerpt":{"rendered":"<p>La subsecretaria de educaci\u00f3n, Anal\u00eda Heizenreder sostuvo que la Fiesta Nacional de la Corvina de R\u00edo en Herradura, representa el modelo formose\u00f1o que encabeza el gobernador Gildo Insfr\u00e1n y del que son protagonistas \u201clas familias formose\u00f1as, que nuevamente eligieron venir a disfrutar del evento\u201d. Dijo que como herradure\u00f1a,es fuerte el afecto y el sentido por [&hellip;]<\/p>\n","protected":false},"author":11,"featured_media":41706,"comment_status":"open","ping_status":"open","sticky":false,"template":"","format":"standard","meta":{"footnotes":""},"categories":[2],"tags":[],"class_list":["post-41699","post","type-post","status-publish","format-standard","has-post-thumbnail","hentry","category-locales"],"_links":{"self":[{"href":"http:\/\/informeformosa.com.ar\/index.php?rest_route=\/wp\/v2\/posts\/41699","targetHints":{"allow":["GET"]}}],"collection":[{"href":"http:\/\/informeformosa.com.ar\/index.php?rest_route=\/wp\/v2\/posts"}],"about":[{"href":"http:\/\/informeformosa.com.ar\/index.php?rest_route=\/wp\/v2\/types\/post"}],"author":[{"embeddable":true,"href":"http:\/\/informeformosa.com.ar\/index.php?rest_route=\/wp\/v2\/users\/11"}],"replies":[{"embeddable":true,"href":"http:\/\/informeformosa.com.ar\/index.php?rest_route=%2Fwp%2Fv2%2Fcomments&post=41699"}],"version-history":[{"count":1,"href":"http:\/\/informeformosa.com.ar\/index.php?rest_route=\/wp\/v2\/posts\/41699\/revisions"}],"predecessor-version":[{"id":41707,"href":"http:\/\/informeformosa.com.ar\/index.php?rest_route=\/wp\/v2\/posts\/41699\/revisions\/41707"}],"wp:featuredmedia":[{"embeddable":true,"href":"http:\/\/informeformosa.com.ar\/index.php?rest_route=\/wp\/v2\/media\/41706"}],"wp:attachment":[{"href":"http:\/\/informeformosa.com.ar\/index.php?rest_route=%2Fwp%2Fv2%2Fmedia&parent=41699"}],"wp:term":[{"taxonomy":"category","embeddable":true,"href":"http:\/\/informeformosa.com.ar\/index.php?rest_route=%2Fwp%2Fv2%2Fcategories&post=41699"},{"taxonomy":"post_tag","embeddable":true,"href":"http:\/\/informeformosa.com.ar\/index.php?rest_route=%2Fwp%2Fv2%2Ftags&post=41699"}],"curies":[{"name":"wp","href":"https:\/\/api.w.org\/{rel}","templated":true}]}}