{"id":41682,"date":"2020-02-10T20:04:44","date_gmt":"2020-02-10T23:04:44","guid":{"rendered":"http:\/\/informeformosa.com.ar\/?p=41682"},"modified":"2020-02-10T20:04:47","modified_gmt":"2020-02-10T23:04:47","slug":"heizenreder-fue-una-fiesta-exitosa","status":"publish","type":"post","link":"http:\/\/informeformosa.com.ar\/?p=41682","title":{"rendered":"Heizenreder: \u201cFue una fiesta exitosa\u201d"},"content":{"rendered":"\n<p>Tras la realizaci\u00f3n de\nla Fiesta Nacional de la Corvina de R\u00edo, el intendente de Herradura evalu\u00f3 como\n\u201cexitoso\u201d el evento, subrayando la participaci\u00f3n r\u00e9cord de embarcaciones para\nlas competencias de pesca con un total de 705 inscriptos, as\u00ed como tambi\u00e9n en\nmateria gastron\u00f3mica a\u00f1adi\u00f3 que \u201ctuvieron buenas ventas los emprendedores\nformose\u00f1os\u201d. <\/p>\n\n\n\n<p>\u201cFue una fiesta\nexitosa que se celebr\u00f3 en paz y con tranquilidad donde las familias vivieron\ncon alegr\u00eda las dos noches de espect\u00e1culos musicales, as\u00ed como tambi\u00e9n no\ntuvimos ning\u00fan inconveniente con los torneos de pesca\u201d, enfatiz\u00f3. <\/p>\n\n\n\n<p>Siguiendo con el\nbalance, acot\u00f3 que los complejos de caba\u00f1as nuevamente tuvieron ocupaci\u00f3n total\nde camas e incluso para este pr\u00f3ximo fin de semana ya fueron alquilados, es por\neso que calific\u00f3 a Herradura \u201ccomo una localidad que se posiciona\ntur\u00edsticamente\u201d. <\/p>\n\n\n\n<p>Acerca de los\nemprendedores que se dieron cita para el evento, dijo que tuvo oportunidad de\nrecorrer los stands de comidas que se ubicaron en el predio y la avenida\nprincipal y donde percibi\u00f3 que \u201cestaban muy contentos porque las ventas fueron\nmuy buenas, lo que significa una inyecci\u00f3n de dinero para la comida familiar\u201d. <\/p>\n\n\n\n<p>En cuanto a la pesca\nde corvina, destac\u00f3 la pol\u00edtica de inclusi\u00f3n del Gobierno de la provincia, y\nespecialmente la modalidad a remo, que tuvo m\u00e1s inscriptos en esta edici\u00f3n del\ntorneo 2020, que la embarcaci\u00f3n a motor. Ampliando que \u201cde eso hablamos cuando\ndecimos pol\u00edticas inclusivas porque participaron pescadores que por diferentes\nmotivos o situaci\u00f3n&nbsp; econ\u00f3mica no cuentan\ncon una lancha a motor, pero que igualmente se dieron cita en la competencia\nque otra vez bati\u00f3 record&nbsp; con 705\ninscriptos en total\u201d. <\/p>\n\n\n\n<p>Teniendo en cuenta\nesta cifra de competidores, sostuvo que la municipalidad local y el gobierno\nprovincial realizaron mejoras en la zona de largada de las embarcaciones, \u201cse\nconstruyeron m\u00e1s rampas de salidas, lo cual permiti\u00f3 que la largada sea &nbsp;fluida y no haya ning\u00fan inconveniente, ya que\ntodas las embarcaciones estuvieron en el agua en el mismo momento\u201d, agregando\nel apoyo de los organismos de fiscalizaci\u00f3n de la competencia y tambi\u00e9n la\nPrefectura Naval Argentina, dedicada a la seguridad n\u00e1utica de todos los\nparticipantes. <\/p>\n\n\n\n<p>Por \u00faltimo, el\nintendente elogi\u00f3 la actitud de hospitalidad de los herradure\u00f1os con los\nvisitantes y turistas, y especialmente las m\u00e1s de 300 personas que colaboraron\ncon el gran almuerzo de camarader\u00eda para m\u00e1s de 2500 pescadores, quienes\nformaron parte de las dos jornadas de competencia que se vivi\u00f3 en el festival. <\/p>\n\n\n\n<p>\u201cFueron m\u00e1s de 300\npersonas que brindaron su aporte voluntario para preparar el almuerzo, fueron\ngente del Centro de Jubilados, chicos de los colegios y entre otras personas\ndel pueblo comprometidas con la mejor atenci\u00f3n hacia los pescadores\u201d, concluy\u00f3.\n<\/p>\n\n\n\n<p>Cabe recordar que el\nviernes, d\u00eda previsto para la apertura del mega evento, la comisi\u00f3n organizadora\ntuvo que suspender el inicio por las inclemencias del tiempo, lo cual el jefe\ncomunal opin\u00f3 que \u201cfue una decisi\u00f3n inteligente, especialmente por la seguridad\nde la gente ya que hab\u00eda mucha humedad en algunos sectores del predio\u201d. <\/p>\n","protected":false},"excerpt":{"rendered":"<p>Tras la realizaci\u00f3n de la Fiesta Nacional de la Corvina de R\u00edo, el intendente de Herradura evalu\u00f3 como \u201cexitoso\u201d el evento, subrayando la participaci\u00f3n r\u00e9cord de embarcaciones para las competencias de pesca con un total de 705 inscriptos, as\u00ed como tambi\u00e9n en materia gastron\u00f3mica a\u00f1adi\u00f3 que \u201ctuvieron buenas ventas los emprendedores formose\u00f1os\u201d. \u201cFue una fiesta [&hellip;]<\/p>\n","protected":false},"author":11,"featured_media":41693,"comment_status":"open","ping_status":"open","sticky":false,"template":"","format":"standard","meta":{"footnotes":""},"categories":[11],"tags":[],"class_list":["post-41682","post","type-post","status-publish","format-standard","has-post-thumbnail","hentry","category-interior"],"_links":{"self":[{"href":"http:\/\/informeformosa.com.ar\/index.php?rest_route=\/wp\/v2\/posts\/41682","targetHints":{"allow":["GET"]}}],"collection":[{"href":"http:\/\/informeformosa.com.ar\/index.php?rest_route=\/wp\/v2\/posts"}],"about":[{"href":"http:\/\/informeformosa.com.ar\/index.php?rest_route=\/wp\/v2\/types\/post"}],"author":[{"embeddable":true,"href":"http:\/\/informeformosa.com.ar\/index.php?rest_route=\/wp\/v2\/users\/11"}],"replies":[{"embeddable":true,"href":"http:\/\/informeformosa.com.ar\/index.php?rest_route=%2Fwp%2Fv2%2Fcomments&post=41682"}],"version-history":[{"count":1,"href":"http:\/\/informeformosa.com.ar\/index.php?rest_route=\/wp\/v2\/posts\/41682\/revisions"}],"predecessor-version":[{"id":41694,"href":"http:\/\/informeformosa.com.ar\/index.php?rest_route=\/wp\/v2\/posts\/41682\/revisions\/41694"}],"wp:featuredmedia":[{"embeddable":true,"href":"http:\/\/informeformosa.com.ar\/index.php?rest_route=\/wp\/v2\/media\/41693"}],"wp:attachment":[{"href":"http:\/\/informeformosa.com.ar\/index.php?rest_route=%2Fwp%2Fv2%2Fmedia&parent=41682"}],"wp:term":[{"taxonomy":"category","embeddable":true,"href":"http:\/\/informeformosa.com.ar\/index.php?rest_route=%2Fwp%2Fv2%2Fcategories&post=41682"},{"taxonomy":"post_tag","embeddable":true,"href":"http:\/\/informeformosa.com.ar\/index.php?rest_route=%2Fwp%2Fv2%2Ftags&post=41682"}],"curies":[{"name":"wp","href":"https:\/\/api.w.org\/{rel}","templated":true}]}}