{"id":41681,"date":"2020-02-10T20:03:43","date_gmt":"2020-02-10T23:03:43","guid":{"rendered":"http:\/\/informeformosa.com.ar\/?p=41681"},"modified":"2020-02-10T20:03:45","modified_gmt":"2020-02-10T23:03:45","slug":"zanin-pidio-control-permanente-para-que-se-respete-el-programa-precios-cuidados","status":"publish","type":"post","link":"http:\/\/informeformosa.com.ar\/?p=41681","title":{"rendered":"Zan\u00edn pidi\u00f3 \u201ccontrol permanente\u201d para que se respete el programa Precios Cuidados"},"content":{"rendered":"\n<p>Enrique Zan\u00edn, presidente de la Federaci\u00f3n Econ\u00f3mica de Formosa asegur\u00f3\nque \u201cestamos yendo por la buena senda\u201d en materia de pol\u00edticas econ\u00f3micas\nimpulsadas por el gobierno nacional del presidente Alberto Fern\u00e1ndez, al que\ncalific\u00f3 de \u201ctener una visi\u00f3n federal\u201d, distinta a la de su antecesor Mauricio\nMacri. <\/p>\n\n\n\n<p>En materia de Precios Cuidados, relanzado por el Gobierno Nacional con\nuna canasta de 310 productos que incluye a las primeras marcas y que las\ngrandes cadenas de supermercados acordaron exhibir los productos. Al respecto,\ndijo que \u201chay que seguir trabajando fuertemente para que se cumplan los\nacuerdos, es decir, para que los formadores de precios vendan al precio que\nest\u00e1 estipulado, as\u00ed como tambi\u00e9n los peque\u00f1os y medianos empresarios puedan a\nsu vez comprar esos productos al costo que est\u00e1 previsto\u201d. <\/p>\n\n\n\n<p>Se\u00f1al\u00f3 que los formadores de precios, que son las grandes cadenas de\nsupermercados son \u201chijos del rigor\u201d porque \u201ces necesario un control permanente\npor parte del Estado para que cumplan con los acuerdos firmados con la\nsecretaria de Comercio de la Naci\u00f3n porque de esa manera tambi\u00e9n los\nempresarios peque\u00f1os y medianos y las econom\u00edas regionales se pueden abastecer\nde ellos\u201d. <\/p>\n\n\n\n<p>Es en alusi\u00f3n a la intenci\u00f3n por parte de las autoridades nacionales de\nque las Pymes de las ciudades del interior tambi\u00e9n puedan ofrecer los productos\nde Precios Cuidados. En ese sentido, Zan\u00edn coment\u00f3 que en las reuniones a nivel\nnacional con la secretaria de Comercio de la naci\u00f3n y los subsecretarios de\ntodas las provincias, \u201ces la intenci\u00f3n que podamos abastecernos de las grandes\ncadenas de supermercados y as\u00ed tambi\u00e9n contar con una cantidad de art\u00edculos del\nprograma\u201d. <\/p>\n\n\n\n<p>Sosteniendo que hay buena voluntad de parte de los empresarios locales,\nquienes dieron el visto bueno a la Subsecretaria de Defensa al Consumidor y\nUsuario, que tiene como titular a V\u00edctor Romea para \u201cavanzar en un acuerdo con\nm\u00e1s puntos de venta en capital y en el interior provincial\u201d, que \u201cbeneficie al\nconsumidor y l\u00f3gicamente al peque\u00f1o y mediano empresario\u201d, agreg\u00f3. <\/p>\n\n\n\n<p>Zan\u00edn cuando calific\u00f3 a los formadores de precios como \u201chijos del\nrigor\u201d, porque \u201ctoman la decisi\u00f3n de aumentar y eso despu\u00e9s impacta\ndirectamente en el \u00edndice inflacionario\u201d. A lo cual indic\u00f3 que en t\u00e9rminos\nmacro econ\u00f3micos: \u201cTenemos un d\u00f3lar que est\u00e1 estable, el precio del combustible\nest\u00e1 congelado, lo que permite una estabilidad en el circuito econ\u00f3mico, pero\nque sin embargo hay aumentos como el caso de la harina\u201d. <\/p>\n\n\n\n<p>Ampliando que en el caso de la harina impacta en las familias de menores\nrecursos ya que son quienes principalmente se abastecen de algo esencial como\nes el pan y los derivados que se fabrican de la harina de trigo. \u201cEso\nlamentablemente juega en contra, y quienes aumentan son los formadores de\nprecios vaya uno a saber porqu\u00e9, incluso el propio presidente denunci\u00f3 esta\nactitud\u201d. <\/p>\n\n\n\n<p>Y subray\u00f3 el contador que \u201cestamos yendo por la buena senda, con una\nvisi\u00f3n de pa\u00eds federal y no unitaria como ten\u00edamos antes\u201d con Mauricio Macri. Justamente\nen materia de precios, la gesti\u00f3n anterior hab\u00eda quitado el IVA 21% a algunos\nproductos de la canasta b\u00e1sica, una medida que fue totalmente inconsulta y que\nse hab\u00eda financiado con los recursos de los estados provinciales. Lo que\nsignific\u00f3 confiscar recursos de la coparticipaci\u00f3n federal y que para el\nbolsillo del consumidor tuvo poco impacto, sin detener el alza de los productos\nde la canasta b\u00e1sica. <\/p>\n\n\n\n<p>Comparando esa medida y el programa Precios Cuidados, que congela los\nprecios de 310 productos hasta fines de abril, dijo Zan\u00edn que este \u00faltimo es un\nacuerdo \u201cm\u00e1s realista\u201d, al tiempo que nuevamente reiter\u00f3 que es necesario \u201cque\nlos formadores de precios cumplan con los acuerdos firmados y que a su vez la\nsecretaria de Comercio de la Naci\u00f3n instrumente leyes para multarlos\u201d. <\/p>\n\n\n\n<p>\u201cEn ese punto hay dos perjudicados, uno es el consumidor que va a la\ng\u00f3ndola y no encuentra el producto o lo encuentra a otro precio que no es el\nacordado en el programa; y el segundo perjudicado es el peque\u00f1o y mediano\nempresario que es qui\u00e9n le compra a los formadores de precios, y que si estos\naumentan lo traslada inevitablemente al consumidor\u201d, concluy\u00f3.<\/p>\n\n\n\n<p><strong>MORATORIA A\nLAS PYMES<\/strong><\/p>\n\n\n\n<p>Zan\u00edn fue consultado tambi\u00e9n sobre el plan de moratoria lanzado por la\nAFIP dirigido para los empresarios de la peque\u00f1a y mediana empresa, en ese\nsentido indic\u00f3 que \u201cson positivas porque permite a las Pymes el\nrefinanciamiento de las deudas a una tasa mensual del 3% el primer a\u00f1o y los\na\u00f1os siguientes a una tasa de referencia del Banco de la Naci\u00f3n Argentina\u201d.&nbsp; <\/p>\n\n\n\n<p>En ese sentido opin\u00f3 que la medida \u201cva a permitir reactivar de manera\ninmediata las peque\u00f1as y medianas empresas\u201d que no ten\u00edan la posibilidad de\nseguir trabajando, y \u201ccon esta herramienta cualquier pyme sea comerciales,\nindustriales, de servicio van a poder acceder a la moratoria de la AFIP\u201d. <\/p>\n\n\n\n<p>Insistiendo que se trata de una herramienta m\u00e1s que importante que le\npermite al \u201cempresario pagar las deudas a diez a\u00f1os y as\u00ed no quebrar aquellas\nempresas que estaban acogotada por deudas o inhibidas por los bancos\u201d. <\/p>\n","protected":false},"excerpt":{"rendered":"<p>Enrique Zan\u00edn, presidente de la Federaci\u00f3n Econ\u00f3mica de Formosa asegur\u00f3 que \u201cestamos yendo por la buena senda\u201d en materia de pol\u00edticas econ\u00f3micas impulsadas por el gobierno nacional del presidente Alberto Fern\u00e1ndez, al que calific\u00f3 de \u201ctener una visi\u00f3n federal\u201d, distinta a la de su antecesor Mauricio Macri. En materia de Precios Cuidados, relanzado por el [&hellip;]<\/p>\n","protected":false},"author":11,"featured_media":41691,"comment_status":"open","ping_status":"open","sticky":false,"template":"","format":"standard","meta":{"footnotes":""},"categories":[2],"tags":[],"class_list":["post-41681","post","type-post","status-publish","format-standard","has-post-thumbnail","hentry","category-locales"],"_links":{"self":[{"href":"http:\/\/informeformosa.com.ar\/index.php?rest_route=\/wp\/v2\/posts\/41681","targetHints":{"allow":["GET"]}}],"collection":[{"href":"http:\/\/informeformosa.com.ar\/index.php?rest_route=\/wp\/v2\/posts"}],"about":[{"href":"http:\/\/informeformosa.com.ar\/index.php?rest_route=\/wp\/v2\/types\/post"}],"author":[{"embeddable":true,"href":"http:\/\/informeformosa.com.ar\/index.php?rest_route=\/wp\/v2\/users\/11"}],"replies":[{"embeddable":true,"href":"http:\/\/informeformosa.com.ar\/index.php?rest_route=%2Fwp%2Fv2%2Fcomments&post=41681"}],"version-history":[{"count":1,"href":"http:\/\/informeformosa.com.ar\/index.php?rest_route=\/wp\/v2\/posts\/41681\/revisions"}],"predecessor-version":[{"id":41692,"href":"http:\/\/informeformosa.com.ar\/index.php?rest_route=\/wp\/v2\/posts\/41681\/revisions\/41692"}],"wp:featuredmedia":[{"embeddable":true,"href":"http:\/\/informeformosa.com.ar\/index.php?rest_route=\/wp\/v2\/media\/41691"}],"wp:attachment":[{"href":"http:\/\/informeformosa.com.ar\/index.php?rest_route=%2Fwp%2Fv2%2Fmedia&parent=41681"}],"wp:term":[{"taxonomy":"category","embeddable":true,"href":"http:\/\/informeformosa.com.ar\/index.php?rest_route=%2Fwp%2Fv2%2Fcategories&post=41681"},{"taxonomy":"post_tag","embeddable":true,"href":"http:\/\/informeformosa.com.ar\/index.php?rest_route=%2Fwp%2Fv2%2Ftags&post=41681"}],"curies":[{"name":"wp","href":"https:\/\/api.w.org\/{rel}","templated":true}]}}