{"id":41640,"date":"2020-02-07T19:35:28","date_gmt":"2020-02-07T22:35:28","guid":{"rendered":"http:\/\/informeformosa.com.ar\/?p=41640"},"modified":"2020-02-07T19:35:31","modified_gmt":"2020-02-07T22:35:31","slug":"basterraencabezo-asuncion-de-la-primera-mujer-en-presidir-el-inta","status":"publish","type":"post","link":"http:\/\/informeformosa.com.ar\/?p=41640","title":{"rendered":"Basterraencabez\u00f3 asunci\u00f3n de la primera mujer en presidir el INTA"},"content":{"rendered":"\n<p>Este viernes, se realiz\u00f3 el acto de\nasunci\u00f3n de Susana Mirassou, la nueva presidenta del INTA en la Estaci\u00f3n\nExperimental Agropecuaria del AMBA.<\/p>\n\n\n\n<p>Del mismo participaron el jefe de\nGabinete de Ministros de la Naci\u00f3n, Santiago Cafiero, junto al ministro de\nAgricultura, Ganader\u00eda y Pesca, Luis Basterra.<\/p>\n\n\n\n<p>Mirassou comenz\u00f3 a trabajar como becaria\nhace m\u00e1s de treinta a\u00f1os y es la primera mujer en presidir el Instituto.<\/p>\n\n\n\n<p>En ese sentido, Cafiero destac\u00f3 la\nimportancia de recuperar el rol del INTA para el desarrollo agroalimentario del\npa\u00eds: \u201cVolvemos con convicciones y valores. Fueron a\u00f1os de mucho maltrato a la\ninstituci\u00f3n y al Estado en general\u201d.<\/p>\n\n\n\n<p>Adem\u00e1s, resalt\u00f3 el entusiasmo de\nacompa\u00f1ar la puesta en funciones de Mirassou: \u201cSusana arranc\u00f3 en los a\u00f1os 80\ncomo becaria, decidi\u00f3 hacer una carrera en la que dedic\u00f3 amor, tiempo y\ncompromiso a esta entidad, y esto conmueve\u201d.<\/p>\n\n\n\n<p>El jefe de Gabinete valor\u00f3 su\ntrayectoria dentro de la funci\u00f3n p\u00fablica e indic\u00f3: \u201cA quienes nos toca ser\nservidores p\u00fablicos sabemos que es una causa que luego se persigue toda la\nvida, porque en esos lugares, en los que circunstancialmente a uno le toca\ngestionar o dirigir, se encuentra un lugar donde se puede cambiar la calidad de\nvida de la gente\u201d. <\/p>\n\n\n\n<p>Por su parte, Basterra destac\u00f3 que el\ninstituto es \u00abreconocido mundialmente como uno de los organismos m\u00e1s\nimportante en la construcci\u00f3n de conocimiento agropecuario, con la\nparticularidad de juntar investigaci\u00f3n y extensi\u00f3n\u00bb, y comparti\u00f3 su\nemoci\u00f3n de \u201cestar nuevamente en el INTA, un organismo tan importante para el\nejercicio soberano del conocimiento\u201d. <\/p>\n\n\n\n<p>Por otro lado, Mirassou, que est\u00e1\nsecundada por Tom\u00e1s Schlichter como vicepresidente, destac\u00f3 su emoci\u00f3n al\n\u201casumir este nuevo desaf\u00edo con convicci\u00f3n y entrega\u201d luego de \u201cla gran\ndesinversi\u00f3n que ha debilitado al INTA en estos 4 a\u00f1os\u201d, y se\u00f1al\u00f3 que los ejes\nde su gesti\u00f3n se centrar\u00e1n en la lucha contra el hambre, el desarrollo\nsostenible, el cuidado del ambiente, y el valor agregado en origen\u201d. <\/p>\n\n\n\n<p>La nueva presidente del INTA es\ningeniera agr\u00f3noma por la UBA, magister en Econom\u00eda Agraria y doctora en Cs.\nSociales. A lo largo de su paso por la instituci\u00f3n trabaj\u00f3 en Econom\u00eda de los\nRecursos Naturales y Sustentabilidad, se desempe\u00f1\u00f3 como gerente de Seguimiento\ny Evaluaci\u00f3n y, desde 2007 a 2019, fue directora nacional asistente de\nPlanificaci\u00f3n, Seguimiento y Evaluaci\u00f3n.<\/p>\n\n\n\n<p>De la actividad formaron parte la\nvicejefa de Gabinete, Cecilia TodescaBocco y los intendentes de Ituzaing\u00f3,\nAlberto Descalzo y de Hurlingham, Juan Zabaleta.<\/p>\n","protected":false},"excerpt":{"rendered":"<p>Este viernes, se realiz\u00f3 el acto de asunci\u00f3n de Susana Mirassou, la nueva presidenta del INTA en la Estaci\u00f3n Experimental Agropecuaria del AMBA. Del mismo participaron el jefe de Gabinete de Ministros de la Naci\u00f3n, Santiago Cafiero, junto al ministro de Agricultura, Ganader\u00eda y Pesca, Luis Basterra. Mirassou comenz\u00f3 a trabajar como becaria hace m\u00e1s [&hellip;]<\/p>\n","protected":false},"author":11,"featured_media":41646,"comment_status":"open","ping_status":"open","sticky":false,"template":"","format":"standard","meta":{"footnotes":""},"categories":[3],"tags":[],"class_list":["post-41640","post","type-post","status-publish","format-standard","has-post-thumbnail","hentry","category-politica-y-economia"],"_links":{"self":[{"href":"http:\/\/informeformosa.com.ar\/index.php?rest_route=\/wp\/v2\/posts\/41640","targetHints":{"allow":["GET"]}}],"collection":[{"href":"http:\/\/informeformosa.com.ar\/index.php?rest_route=\/wp\/v2\/posts"}],"about":[{"href":"http:\/\/informeformosa.com.ar\/index.php?rest_route=\/wp\/v2\/types\/post"}],"author":[{"embeddable":true,"href":"http:\/\/informeformosa.com.ar\/index.php?rest_route=\/wp\/v2\/users\/11"}],"replies":[{"embeddable":true,"href":"http:\/\/informeformosa.com.ar\/index.php?rest_route=%2Fwp%2Fv2%2Fcomments&post=41640"}],"version-history":[{"count":1,"href":"http:\/\/informeformosa.com.ar\/index.php?rest_route=\/wp\/v2\/posts\/41640\/revisions"}],"predecessor-version":[{"id":41647,"href":"http:\/\/informeformosa.com.ar\/index.php?rest_route=\/wp\/v2\/posts\/41640\/revisions\/41647"}],"wp:featuredmedia":[{"embeddable":true,"href":"http:\/\/informeformosa.com.ar\/index.php?rest_route=\/wp\/v2\/media\/41646"}],"wp:attachment":[{"href":"http:\/\/informeformosa.com.ar\/index.php?rest_route=%2Fwp%2Fv2%2Fmedia&parent=41640"}],"wp:term":[{"taxonomy":"category","embeddable":true,"href":"http:\/\/informeformosa.com.ar\/index.php?rest_route=%2Fwp%2Fv2%2Fcategories&post=41640"},{"taxonomy":"post_tag","embeddable":true,"href":"http:\/\/informeformosa.com.ar\/index.php?rest_route=%2Fwp%2Fv2%2Ftags&post=41640"}],"curies":[{"name":"wp","href":"https:\/\/api.w.org\/{rel}","templated":true}]}}