{"id":41626,"date":"2020-02-06T19:36:13","date_gmt":"2020-02-06T22:36:13","guid":{"rendered":"http:\/\/informeformosa.com.ar\/?p=41626"},"modified":"2020-02-06T19:36:15","modified_gmt":"2020-02-06T22:36:15","slug":"inclusion-laboral-se-suman-mas-empresas-a-la-red-incluir","status":"publish","type":"post","link":"http:\/\/informeformosa.com.ar\/?p=41626","title":{"rendered":"Inclusi\u00f3n Laboral: Se suman m\u00e1s empresas a la \u201cRed Incluir\u201d"},"content":{"rendered":"\n<p>El subsecretario de Empleo, abogado\nRodrigo Sandoval, dio detalles acerca del programa REDI (Red Incluir) un\nproyecto destinado a empresas interesadas en la inclusi\u00f3n laboral de personas\ncon discapacidad, la cual llega para complementarse al trabajo que realizan los\nministerios de la Comunidad y Cultura y Educaci\u00f3n. Por otra parte coment\u00f3 las\ncapacitaciones para este a\u00f1o. <\/p>\n\n\n\n<p>En este sentido, afirm\u00f3 que se ha\nconformado una red de empresas comprometidas con la inclusi\u00f3n socio-laboral de\ncomunidades vulnerables, \u201cEn este caso particular, estamos trabajando con\npersonas con discapacidad y obtuvimos muy buenos resultados, ya son tres las\npersonas que se encuentran desempe\u00f1\u00e1ndose en empresas formose\u00f1as\u201d.<\/p>\n\n\n\n<p>Para lograr este resultado es\nnecesario el trabajo en equipo de los integrantes de REDI, \u201cEl Coach\nOrganizacional Arturo Sandoval tiene un primer acercamiento con las empresas,\ncomenta de nuestro programa y as\u00ed conseguimos las aperturas de las mismas\u201d,\nagreg\u00f3 el subsecretario. <\/p>\n\n\n\n<p>La Subsecretar\u00eda de Empleo,\ndependiente del Ministerio de Econom\u00eda, Hacienda y Finanzas, brinda las\nherramientas necesarias a las empresas con talleres y capacitaciones, para\nllevar adelante este proceso y obtener resultados exitosos; \u201cLas psicopedagogas\nse encargan del trabajo de campo, son el nexo entre el empleador y el empleado,\nfij\u00e1ndose los\nobst\u00e1culos laborales que puedan existir y tratar de solucionarlos a trav\u00e9s de\nsugerencias\u201d.<\/p>\n\n\n\n<p>Sandoval explic\u00f3 que \u201cPrimero hacemos un acercamiento\na las empresas, los asesoramos y una vez que ellos toman la decisi\u00f3n de\nincluir, convocamos a los centros que re\u00fanen a estas personas con discapacidad\npara luego capacitaral trabajador. Una vez que es incluido continuamos frecuent\u00e1ndolosa\ntrav\u00e9s del sistema de apoyo, para eliminar todas las barreras y se encuentre en\nigualdad con sus compa\u00f1eros\u201d.<\/p>\n\n\n\n<p>Inform\u00f3 que la empresa HOMU, de Toyota, tom\u00f3 la\ndecisi\u00f3n de incluir en su plantel a una persona con discapacidad y \u201cde esta\nmanera se van sumando m\u00e1s empresas a este proyecto que complementa\nlas pol\u00edticas que se ejecutan en la provincia\u201d. <\/p>\n\n\n\n<p><strong>Cursos\ny Capacitaciones <\/strong><\/p>\n\n\n\n<p>Por otra parte, el subsecretario puso\nen valor a los talleres y capacitaciones laborales que se dictaron durante el\n2019, \u201cCon el programa\nde cursos y oficios, capacitamos a 1185 formose\u00f1os y formose\u00f1as, fue un a\u00f1o\nexitoso a pesar de estar gobernados a nivel nacional por una gesti\u00f3n liberal,\npero en Formosa no paramos, y este a\u00f1o tenemos la intenci\u00f3n de duplicar esa\ncifra\u201d.<\/p>\n\n\n\n<p>Para ello, coment\u00f3 que los cursos se extender\u00e1n a todo\nel territorio provincial, siendo las localidades de Laguna Blanca y Las Lomitas\nlas primeras en recibirlos.<\/p>\n\n\n\n<p>\u201cEl programa -Pienso, luego elijo- tambi\u00e9n es muy\nimportante, y pudimos colaborar con el proyecto de vida de 120 j\u00f3venes que\nasistieron a este taller de vocaci\u00f3n profesional y formaci\u00f3n integral\u201d, culmin\u00f3\nSandoval.<\/p>\n","protected":false},"excerpt":{"rendered":"<p>El subsecretario de Empleo, abogado Rodrigo Sandoval, dio detalles acerca del programa REDI (Red Incluir) un proyecto destinado a empresas interesadas en la inclusi\u00f3n laboral de personas con discapacidad, la cual llega para complementarse al trabajo que realizan los ministerios de la Comunidad y Cultura y Educaci\u00f3n. Por otra parte coment\u00f3 las capacitaciones para este [&hellip;]<\/p>\n","protected":false},"author":11,"featured_media":41627,"comment_status":"open","ping_status":"open","sticky":false,"template":"","format":"standard","meta":{"footnotes":""},"categories":[2],"tags":[],"class_list":["post-41626","post","type-post","status-publish","format-standard","has-post-thumbnail","hentry","category-locales"],"_links":{"self":[{"href":"http:\/\/informeformosa.com.ar\/index.php?rest_route=\/wp\/v2\/posts\/41626","targetHints":{"allow":["GET"]}}],"collection":[{"href":"http:\/\/informeformosa.com.ar\/index.php?rest_route=\/wp\/v2\/posts"}],"about":[{"href":"http:\/\/informeformosa.com.ar\/index.php?rest_route=\/wp\/v2\/types\/post"}],"author":[{"embeddable":true,"href":"http:\/\/informeformosa.com.ar\/index.php?rest_route=\/wp\/v2\/users\/11"}],"replies":[{"embeddable":true,"href":"http:\/\/informeformosa.com.ar\/index.php?rest_route=%2Fwp%2Fv2%2Fcomments&post=41626"}],"version-history":[{"count":1,"href":"http:\/\/informeformosa.com.ar\/index.php?rest_route=\/wp\/v2\/posts\/41626\/revisions"}],"predecessor-version":[{"id":41628,"href":"http:\/\/informeformosa.com.ar\/index.php?rest_route=\/wp\/v2\/posts\/41626\/revisions\/41628"}],"wp:featuredmedia":[{"embeddable":true,"href":"http:\/\/informeformosa.com.ar\/index.php?rest_route=\/wp\/v2\/media\/41627"}],"wp:attachment":[{"href":"http:\/\/informeformosa.com.ar\/index.php?rest_route=%2Fwp%2Fv2%2Fmedia&parent=41626"}],"wp:term":[{"taxonomy":"category","embeddable":true,"href":"http:\/\/informeformosa.com.ar\/index.php?rest_route=%2Fwp%2Fv2%2Fcategories&post=41626"},{"taxonomy":"post_tag","embeddable":true,"href":"http:\/\/informeformosa.com.ar\/index.php?rest_route=%2Fwp%2Fv2%2Ftags&post=41626"}],"curies":[{"name":"wp","href":"https:\/\/api.w.org\/{rel}","templated":true}]}}