{"id":41605,"date":"2020-02-05T20:02:15","date_gmt":"2020-02-05T23:02:15","guid":{"rendered":"http:\/\/informeformosa.com.ar\/?p=41605"},"modified":"2020-02-05T20:02:18","modified_gmt":"2020-02-05T23:02:18","slug":"sipec-presente-en-la-fiesta-nacional-de-la-corvina","status":"publish","type":"post","link":"http:\/\/informeformosa.com.ar\/?p=41605","title":{"rendered":"SIPEC presente en la Fiesta Nacional de la Corvina"},"content":{"rendered":"\n<p>En la Fiesta Nacional de la Corvina 2020, el Sistema\nIntegrado Provincial de Emergencias y Cat\u00e1strofes (SIPEC) de Formosa instalar\u00e1\npuestos sanitarios con m\u00f3viles de alta complejidad en la zona de playa de\nHerradura y el predio ferial, trabajando en conjunto con el centro de salud de\nla localidad.<\/p>\n\n\n\n<p>As\u00ed lo precis\u00f3 el doctor Juan Fern\u00e1ndez, coordinador\ngeneral del SIPEC, quien consign\u00f3: \u00abPara los d\u00edas de la Fiesta de la\nCorvina tenemos planeado instalar un m\u00f3vil en la playa, donde se desarrollar\u00e1n\nlas diferentes actividades deportivas y recreativas\u00bb.<\/p>\n\n\n\n<p>\u00abSe instalar\u00e1 un puesto sanitario en ese lugar,\nque constar\u00e1 de una ambulancia en apoyo a la del centro de salud de la\nlocalidad\u00bb, dijo.<\/p>\n\n\n\n<p>En tanto \u00abpara el festival tenemos programado\npara dentro del predio un m\u00f3vil de alta complejidad, el cual estar\u00e1 ubicado al\ncostado del escenario, junto a otros tres m\u00f3viles que estar\u00e1n distribuidos en\npuntos claves de todo el predio\u00bb.<\/p>\n\n\n\n<p>\u00abEl SIPEC va a estar presente en el evento,\ndurante las actividades de d\u00eda en el sector del camping y playa y a la noche en\nel festival, reforzando este \u00faltimo con tres ambulancias en el predio y una m\u00e1s\nal lado del escenario\u00bb, puntualiz\u00f3.<\/p>\n\n\n\n<p>Tambi\u00e9n se robustecer\u00e1n los servicios sanitarios en\nel centro de salud, donde \u00aben el caso que se requiera se har\u00e1n las medidas\nm\u00e1s urgentes y se evaluar\u00e1 si hace falta el traslado a Formosa Capital\u00bb,\nindic\u00f3. <\/p>\n","protected":false},"excerpt":{"rendered":"<p>En la Fiesta Nacional de la Corvina 2020, el Sistema Integrado Provincial de Emergencias y Cat\u00e1strofes (SIPEC) de Formosa instalar\u00e1 puestos sanitarios con m\u00f3viles de alta complejidad en la zona de playa de Herradura y el predio ferial, trabajando en conjunto con el centro de salud de la localidad. As\u00ed lo precis\u00f3 el doctor Juan [&hellip;]<\/p>\n","protected":false},"author":11,"featured_media":41608,"comment_status":"open","ping_status":"open","sticky":false,"template":"","format":"standard","meta":{"footnotes":""},"categories":[12],"tags":[],"class_list":["post-41605","post","type-post","status-publish","format-standard","has-post-thumbnail","hentry","category-salud"],"_links":{"self":[{"href":"http:\/\/informeformosa.com.ar\/index.php?rest_route=\/wp\/v2\/posts\/41605","targetHints":{"allow":["GET"]}}],"collection":[{"href":"http:\/\/informeformosa.com.ar\/index.php?rest_route=\/wp\/v2\/posts"}],"about":[{"href":"http:\/\/informeformosa.com.ar\/index.php?rest_route=\/wp\/v2\/types\/post"}],"author":[{"embeddable":true,"href":"http:\/\/informeformosa.com.ar\/index.php?rest_route=\/wp\/v2\/users\/11"}],"replies":[{"embeddable":true,"href":"http:\/\/informeformosa.com.ar\/index.php?rest_route=%2Fwp%2Fv2%2Fcomments&post=41605"}],"version-history":[{"count":1,"href":"http:\/\/informeformosa.com.ar\/index.php?rest_route=\/wp\/v2\/posts\/41605\/revisions"}],"predecessor-version":[{"id":41609,"href":"http:\/\/informeformosa.com.ar\/index.php?rest_route=\/wp\/v2\/posts\/41605\/revisions\/41609"}],"wp:featuredmedia":[{"embeddable":true,"href":"http:\/\/informeformosa.com.ar\/index.php?rest_route=\/wp\/v2\/media\/41608"}],"wp:attachment":[{"href":"http:\/\/informeformosa.com.ar\/index.php?rest_route=%2Fwp%2Fv2%2Fmedia&parent=41605"}],"wp:term":[{"taxonomy":"category","embeddable":true,"href":"http:\/\/informeformosa.com.ar\/index.php?rest_route=%2Fwp%2Fv2%2Fcategories&post=41605"},{"taxonomy":"post_tag","embeddable":true,"href":"http:\/\/informeformosa.com.ar\/index.php?rest_route=%2Fwp%2Fv2%2Ftags&post=41605"}],"curies":[{"name":"wp","href":"https:\/\/api.w.org\/{rel}","templated":true}]}}