{"id":41604,"date":"2020-02-05T20:00:00","date_gmt":"2020-02-05T23:00:00","guid":{"rendered":"http:\/\/informeformosa.com.ar\/?p=41604"},"modified":"2020-02-05T20:00:00","modified_gmt":"2020-02-05T23:00:00","slug":"los-pensionados-del-ips-cobraran-el-lunes-10","status":"publish","type":"post","link":"http:\/\/informeformosa.com.ar\/?p=41604","title":{"rendered":"Los pensionados del IPS cobrar\u00e1n el lunes 10"},"content":{"rendered":"\n<p>El titular del Instituto de\nPensiones Sociales (IPS) Hugo Arr\u00faa, confirm\u00f3 que el lunes 10 de febrero se\nhar\u00e1 el pago del beneficio a los pensionados.<\/p>\n\n\n\n<p>Adem\u00e1s, sostuvo que todos\nlos beneficiarios se encuentran bancarizados, por lo cual podr\u00e1n\ncobrar desde los cajeros autom\u00e1ticos del Banco Formosa en todo el territorio\nprovincial.<\/p>\n\n\n\n<p>Luego del cobro, con su\ntal\u00f3n correspondiente, deber\u00e1n retirar la bolsa de mercader\u00eda que el IPS les\nfacilita todos los meses.<\/p>\n\n\n\n<p>Por otro lado, Arr\u00faa reiter\u00f3\nque el martes 11 de febrero arranca la colonia de vacaciones para adultos\nmayores, que se desarrollar\u00e1 tanto en el Para\u00edso de los Ni\u00f1os como en la\nreserva de Laguna Oca.<\/p>\n\n\n\n<p>Estiman que cerca de\nochocientas personas de todas las Casas de la solidaridad asistan a la colonia,\n\u201cque va a dar lugar posteriormente en marzo para que se pueda desarrollar el\notro programa, que es el de Mini Turismo que realizamos a nivel provincial\u201d.<\/p>\n\n\n\n<p>Por \u00faltimo, el titular del\nIPS, reflexion\u00f3 acerca del nuevo gobierno nacional y afirm\u00f3: \u201cEsperamos tener\nla oportunidad de estar un poco mejor y poder interrelacionar con otros\nestamentos e instituciones como el caso del PAMI, para desarrollar conjuntamente\nlas actividades para nuestro adultos mayores\u201d.<\/p>\n\n\n\n<p>\u201cEstos \u00faltimos cuatro a\u00f1os,\nlos beneficios que logramos anteriormente los perdimos, como el caso del Club\nde DIA que fue en contra de los intereses de los adultos mayores que ven\u00edan progresando\nde una manera espectacular. Tenemos esperanza de recuperar esos espacios y\npoder coordinar con la administraci\u00f3n del PAMI para realizar actividades en\nconjunto\u201d, concluy\u00f3.<\/p>\n","protected":false},"excerpt":{"rendered":"<p>El titular del Instituto de Pensiones Sociales (IPS) Hugo Arr\u00faa, confirm\u00f3 que el lunes 10 de febrero se har\u00e1 el pago del beneficio a los pensionados. Adem\u00e1s, sostuvo que todos los beneficiarios se encuentran bancarizados, por lo cual podr\u00e1n cobrar desde los cajeros autom\u00e1ticos del Banco Formosa en todo el territorio provincial. Luego del cobro, [&hellip;]<\/p>\n","protected":false},"author":11,"featured_media":41606,"comment_status":"open","ping_status":"open","sticky":false,"template":"","format":"standard","meta":{"footnotes":""},"categories":[2],"tags":[],"class_list":["post-41604","post","type-post","status-publish","format-standard","has-post-thumbnail","hentry","category-locales"],"_links":{"self":[{"href":"http:\/\/informeformosa.com.ar\/index.php?rest_route=\/wp\/v2\/posts\/41604","targetHints":{"allow":["GET"]}}],"collection":[{"href":"http:\/\/informeformosa.com.ar\/index.php?rest_route=\/wp\/v2\/posts"}],"about":[{"href":"http:\/\/informeformosa.com.ar\/index.php?rest_route=\/wp\/v2\/types\/post"}],"author":[{"embeddable":true,"href":"http:\/\/informeformosa.com.ar\/index.php?rest_route=\/wp\/v2\/users\/11"}],"replies":[{"embeddable":true,"href":"http:\/\/informeformosa.com.ar\/index.php?rest_route=%2Fwp%2Fv2%2Fcomments&post=41604"}],"version-history":[{"count":1,"href":"http:\/\/informeformosa.com.ar\/index.php?rest_route=\/wp\/v2\/posts\/41604\/revisions"}],"predecessor-version":[{"id":41607,"href":"http:\/\/informeformosa.com.ar\/index.php?rest_route=\/wp\/v2\/posts\/41604\/revisions\/41607"}],"wp:featuredmedia":[{"embeddable":true,"href":"http:\/\/informeformosa.com.ar\/index.php?rest_route=\/wp\/v2\/media\/41606"}],"wp:attachment":[{"href":"http:\/\/informeformosa.com.ar\/index.php?rest_route=%2Fwp%2Fv2%2Fmedia&parent=41604"}],"wp:term":[{"taxonomy":"category","embeddable":true,"href":"http:\/\/informeformosa.com.ar\/index.php?rest_route=%2Fwp%2Fv2%2Fcategories&post=41604"},{"taxonomy":"post_tag","embeddable":true,"href":"http:\/\/informeformosa.com.ar\/index.php?rest_route=%2Fwp%2Fv2%2Ftags&post=41604"}],"curies":[{"name":"wp","href":"https:\/\/api.w.org\/{rel}","templated":true}]}}