{"id":41592,"date":"2020-02-05T19:49:54","date_gmt":"2020-02-05T22:49:54","guid":{"rendered":"http:\/\/informeformosa.com.ar\/?p=41592"},"modified":"2020-02-05T19:49:56","modified_gmt":"2020-02-05T22:49:56","slug":"la-subsecretaria-de-economia-social-continua-con-la-asistencia-de-herramientas-a-productores-ladrilleros","status":"publish","type":"post","link":"http:\/\/informeformosa.com.ar\/?p=41592","title":{"rendered":"La Subsecretaria de Econom\u00eda Social contin\u00faa con la asistencia de herramientas a productores ladrilleros"},"content":{"rendered":"\n<p>Durante el mes de enero, la Subsecretaria continu\u00f3 con la entrega de\nherramientas a productores ladrilleros nucleados en cooperativas.<\/p>\n\n\n\n<p>El Subsecretario de Econom\u00eda Social, Cr Ricardo Fischer coment\u00f3 que luego\ndel pedido de varios grupos de ladrilleros de la ciudad de Formosa, se procedi\u00f3\nal relevamiento y la posterior entrega de estos insumos durante todo el mes de enero.<\/p>\n\n\n\n<p>\u201cSe trata de larespuesta de un Estado presente, que realiz\u00f3 las previsiones\nque permitieron concretar en un corto plazo estas asistencias, y conjuntamente\ncon el sector esperanzados que soplan nuevos vientos a nivel nacional que\npermitir\u00e1n una pronta reactivaci\u00f3n, sobre todo este sector que pr\u00e1cticamente se\nvio paralizado los \u00faltimos cuatro a\u00f1os por la marginaci\u00f3n que sufrimos por el\ngobierno del ex presidente MauricioMacri, con nefastos resultados en materia\necon\u00f3mica\u201d se\u00f1al\u00f3 el funcionario.<\/p>\n\n\n\n<p>Indic\u00f3 Fischer que se ha completado la asistencia a productores de la\nciudad de Formosa, nucleados en nueve cooperativas que fueron asistidas, tambi\u00e9n\npreviendo una pronta reactivaci\u00f3n se ha encomendado la fabricaci\u00f3n a trav\u00e9s de\notros consorcios y cooperativas madereras de nuevos kits, para atender- previo\nrelevamiento del organismo-futuras demandas de otros grupos asociativos a lo\nlargo y ancho de nuestra provincia.<\/p>\n\n\n\n<p>Resalt\u00f3 el subsecretario que \u201c ratificamosla presencia activa del Gobierno\nprovincial, que por instrucciones del Gobernador GildoInsfran, pone al alcance\ndel pueblo, a lo largo y ancho del territorioestas herramientas, f\u00edsicas y\njur\u00eddicas, de generaci\u00f3n de empleo digno y genuino, promoviendo la justicia\nsocial en todo el territorio\u201d.<\/p>\n","protected":false},"excerpt":{"rendered":"<p>Durante el mes de enero, la Subsecretaria continu\u00f3 con la entrega de herramientas a productores ladrilleros nucleados en cooperativas. El Subsecretario de Econom\u00eda Social, Cr Ricardo Fischer coment\u00f3 que luego del pedido de varios grupos de ladrilleros de la ciudad de Formosa, se procedi\u00f3 al relevamiento y la posterior entrega de estos insumos durante todo [&hellip;]<\/p>\n","protected":false},"author":11,"featured_media":41600,"comment_status":"open","ping_status":"open","sticky":false,"template":"","format":"standard","meta":{"footnotes":""},"categories":[13],"tags":[],"class_list":["post-41592","post","type-post","status-publish","format-standard","has-post-thumbnail","hentry","category-produccion"],"_links":{"self":[{"href":"http:\/\/informeformosa.com.ar\/index.php?rest_route=\/wp\/v2\/posts\/41592","targetHints":{"allow":["GET"]}}],"collection":[{"href":"http:\/\/informeformosa.com.ar\/index.php?rest_route=\/wp\/v2\/posts"}],"about":[{"href":"http:\/\/informeformosa.com.ar\/index.php?rest_route=\/wp\/v2\/types\/post"}],"author":[{"embeddable":true,"href":"http:\/\/informeformosa.com.ar\/index.php?rest_route=\/wp\/v2\/users\/11"}],"replies":[{"embeddable":true,"href":"http:\/\/informeformosa.com.ar\/index.php?rest_route=%2Fwp%2Fv2%2Fcomments&post=41592"}],"version-history":[{"count":1,"href":"http:\/\/informeformosa.com.ar\/index.php?rest_route=\/wp\/v2\/posts\/41592\/revisions"}],"predecessor-version":[{"id":41601,"href":"http:\/\/informeformosa.com.ar\/index.php?rest_route=\/wp\/v2\/posts\/41592\/revisions\/41601"}],"wp:featuredmedia":[{"embeddable":true,"href":"http:\/\/informeformosa.com.ar\/index.php?rest_route=\/wp\/v2\/media\/41600"}],"wp:attachment":[{"href":"http:\/\/informeformosa.com.ar\/index.php?rest_route=%2Fwp%2Fv2%2Fmedia&parent=41592"}],"wp:term":[{"taxonomy":"category","embeddable":true,"href":"http:\/\/informeformosa.com.ar\/index.php?rest_route=%2Fwp%2Fv2%2Fcategories&post=41592"},{"taxonomy":"post_tag","embeddable":true,"href":"http:\/\/informeformosa.com.ar\/index.php?rest_route=%2Fwp%2Fv2%2Ftags&post=41592"}],"curies":[{"name":"wp","href":"https:\/\/api.w.org\/{rel}","templated":true}]}}