{"id":41589,"date":"2020-02-05T19:46:36","date_gmt":"2020-02-05T22:46:36","guid":{"rendered":"http:\/\/informeformosa.com.ar\/?p=41589"},"modified":"2020-02-05T19:46:39","modified_gmt":"2020-02-05T22:46:39","slug":"se-presento-oficialmente-el-encuentro-internacional-de-muralismo-y-arte-publico","status":"publish","type":"post","link":"http:\/\/informeformosa.com.ar\/?p=41589","title":{"rendered":"Se present\u00f3 oficialmente el Encuentro Internacional de Muralismo y Arte P\u00fablico"},"content":{"rendered":"\n<p>Se realiz\u00f3 la\npresentaci\u00f3n del Encuentro Internacional de Muralismo y Arte P\u00fablico en el\nGalp\u00f3n C del Paseo Costanero \u201cVuelta Fermosa\u201d, el martes por la noche. En esta\nedici\u00f3n 2020, la tem\u00e1tica que abordar\u00e1n los artistas es \u201cLatinoam\u00e9rica, unida\npor la Tierra\u201d y se har\u00e1n intervenciones en un total de 30 muros de la ciudad y\ntambi\u00e9n en la localidad de Herradura, coincidiendo con la XVIII Fiesta Nacional\nde la Corvina de R\u00edo 2020.<\/p>\n\n\n\n<p>Del acto\noficialparticiparon el ministro de Cultura y Educaci\u00f3n, Alberto Zorrilla; quien\nestuvo acompa\u00f1ado por la subsecretaria de Educaci\u00f3n, Analia Heizenreder; el\nsubsecretario de Cultura, Alfredo Jara; la directora de Acci\u00f3n Cultural,\nGraciela Marechal y Patricia Pastor, de la Asociaci\u00f3n de Ge\u00f3grafos de Formosa\n(GEOFOR), Patricia Pastor, entre las principales autoridades presentes. <\/p>\n\n\n\n<p>Un total de 70 artistas\nser\u00e1n&nbsp; parte del Encuentro, que fue una\niniciativa del Movimiento Formose\u00f1o de Muralistas y que contar\u00e1 con artistas\npl\u00e1sticos de&nbsp; las provincias de&nbsp; Corrientes, Chaco, C\u00f3rdoba, Tucum\u00e1n, Buenos\nAires, San Juan, Jujuy, Santiago del Estero,&nbsp;\nReconquista y Rosario (Santa Fe), y tambi\u00e9n de pa\u00edses latinoamericanos\ncomo &nbsp;Paraguay, Uruguay, M\u00e9xico, Brasil,\nColombia y Per\u00fa. <\/p>\n\n\n\n<p>El ministro de Cultura\ny Educaci\u00f3n, Alberto Zorrilla, dijo en la&nbsp;\npresentaci\u00f3n que la tem\u00e1tica elegida \u201cLatinoam\u00e9rica, unida por la\nTierra\u201d expresa la unidad de los pueblos latinoamericana desde la tierra y que\npor eso en esta edici\u00f3n se ampli\u00f3 la convocatoria a artistas de diferentes\npartes de la regi\u00f3n y de pa\u00edses sudamericanos -incluso de M\u00e9xico-. <\/p>\n\n\n\n<p>Indicando que \u201cpor eso\ndecimos que el muralismo es un arte que se expresa en comunidad, no es como\notros artes que forman parte de colecciones privadas, sino que es un arte muy\ndemocr\u00e1tico que adem\u00e1s la gente de Formosa lo siente\u201d, refiri\u00e9ndose a que el\nvecino acompa\u00f1a al artista, conversa con ellos, e incluso le ofrece terer\u00e9 o\nmate \u201cque es parte de nuestra cultura\u201d.&nbsp; <\/p>\n\n\n\n<p>A las palabras del\nministro, desde el movimiento formose\u00f1o de muralistas, agregaron que la idea de\nla unidad latinoamericana a trav\u00e9s de la tierra \u201ces para tomar conciencia de\nlas problem\u00e1ticas medioambientales en el continente, como los incendios en la\nAmazonia o el cambio clim\u00e1tico que afecta al planeta\u201d. En consecuencia es un\nllamado a la reflexi\u00f3n sobre la importancia del cuidado de los recursos\nnaturales y que ese mensaje se plasmar\u00e1 en los 30 muros que se intervendr\u00e1 para\nesta edici\u00f3n 2020. <\/p>\n\n\n\n<p>El subsecretario de\nCultura, Fredy Jara, aport\u00f3 que el encuentro de muralistas: \u201cacrecienta el\npatrimonio cultural y art\u00edstico a trav\u00e9s de sumar a los hermanos\nlatinoamericanos y de otras provincias a la creaci\u00f3n que hace tiempo vienen\nhaciendo los artistas formose\u00f1os, como ser en las localidades de Las Lomitas,\nPiran\u00e9, Clorinda y ahora tambi\u00e9n se suma Herradura, y en una fecha especial\ncomo es la fiesta de la corvina\u201d. <\/p>\n\n\n\n<p>Pablo Vancazur,\nintegrante de la organizaci\u00f3n, indic\u00f3 que los puntos en la ciudad que ser\u00e1n\nintervenidos comprenden principalmente los barrios San Miguel y San Francisco; pero\ntambi\u00e9n en el Fleming, espec\u00edficamente en el Centro Cultural La Mandinga y la\nfachada de un domicilio particular; y a\u00f1adi\u00f3 que se sum\u00f3 tambi\u00e9n en el barrio\nSan Pedro, en la intersecci\u00f3n de las calles Obispo Scozzina y Cabral, un muro\nde grandes dimensiones en ese lugar. Hoy (mi\u00e9rcoles) comenzaron con los\ntrabajos en la ciudad, que se extender\u00e1n hasta el pr\u00f3ximo lunes 10. <\/p>\n\n\n\n<p>Los horarios de\ntrabajo se inician a partir de las 9 hasta las 19 horas y ser\u00e1 en \u201cen funci\u00f3n\nde la incidencia del sol, ya que hay muros que hasta el mediod\u00eda tienen sombra,\npor eso tambi\u00e9n se decidi\u00f3 en algunos casos adaptar o extender el horario a la\nnoche con una iluminaci\u00f3n especial que se va a contar en el lugar\u201d, a\u00f1adi\u00f3\nVancazur. <\/p>\n\n\n\n<p>Mientras que en\nHerradura, este mi\u00e9rcoles por la ma\u00f1ana se dict\u00f3 un taller de t\u00e9cnicas\nmixtasmosaico y cemento directo a cargo de la profesora M\u00f3nica Corrales, que\nproviene de la provincia de Buenos Aires y all\u00ed los lugares que un grupo de\nartistas intervendr\u00e1 ser\u00e1 la fachada de la municipalidad y el acceso al predio\ndel festival de la corvina, a partir del jueves y hasta el s\u00e1bado 8. <\/p>\n","protected":false},"excerpt":{"rendered":"<p>Se realiz\u00f3 la presentaci\u00f3n del Encuentro Internacional de Muralismo y Arte P\u00fablico en el Galp\u00f3n C del Paseo Costanero \u201cVuelta Fermosa\u201d, el martes por la noche. En esta edici\u00f3n 2020, la tem\u00e1tica que abordar\u00e1n los artistas es \u201cLatinoam\u00e9rica, unida por la Tierra\u201d y se har\u00e1n intervenciones en un total de 30 muros de la ciudad [&hellip;]<\/p>\n","protected":false},"author":11,"featured_media":41595,"comment_status":"open","ping_status":"open","sticky":false,"template":"","format":"standard","meta":{"footnotes":""},"categories":[2],"tags":[],"class_list":["post-41589","post","type-post","status-publish","format-standard","has-post-thumbnail","hentry","category-locales"],"_links":{"self":[{"href":"http:\/\/informeformosa.com.ar\/index.php?rest_route=\/wp\/v2\/posts\/41589","targetHints":{"allow":["GET"]}}],"collection":[{"href":"http:\/\/informeformosa.com.ar\/index.php?rest_route=\/wp\/v2\/posts"}],"about":[{"href":"http:\/\/informeformosa.com.ar\/index.php?rest_route=\/wp\/v2\/types\/post"}],"author":[{"embeddable":true,"href":"http:\/\/informeformosa.com.ar\/index.php?rest_route=\/wp\/v2\/users\/11"}],"replies":[{"embeddable":true,"href":"http:\/\/informeformosa.com.ar\/index.php?rest_route=%2Fwp%2Fv2%2Fcomments&post=41589"}],"version-history":[{"count":1,"href":"http:\/\/informeformosa.com.ar\/index.php?rest_route=\/wp\/v2\/posts\/41589\/revisions"}],"predecessor-version":[{"id":41596,"href":"http:\/\/informeformosa.com.ar\/index.php?rest_route=\/wp\/v2\/posts\/41589\/revisions\/41596"}],"wp:featuredmedia":[{"embeddable":true,"href":"http:\/\/informeformosa.com.ar\/index.php?rest_route=\/wp\/v2\/media\/41595"}],"wp:attachment":[{"href":"http:\/\/informeformosa.com.ar\/index.php?rest_route=%2Fwp%2Fv2%2Fmedia&parent=41589"}],"wp:term":[{"taxonomy":"category","embeddable":true,"href":"http:\/\/informeformosa.com.ar\/index.php?rest_route=%2Fwp%2Fv2%2Fcategories&post=41589"},{"taxonomy":"post_tag","embeddable":true,"href":"http:\/\/informeformosa.com.ar\/index.php?rest_route=%2Fwp%2Fv2%2Ftags&post=41589"}],"curies":[{"name":"wp","href":"https:\/\/api.w.org\/{rel}","templated":true}]}}