{"id":41582,"date":"2020-02-05T19:40:23","date_gmt":"2020-02-05T22:40:23","guid":{"rendered":"http:\/\/informeformosa.com.ar\/?p=41582"},"modified":"2020-02-05T19:40:26","modified_gmt":"2020-02-05T22:40:26","slug":"cronograma-para-la-xiii-edicion-de-la-fiesta-nacional-de-la-corvina-de-rio","status":"publish","type":"post","link":"http:\/\/informeformosa.com.ar\/?p=41582","title":{"rendered":"Cronograma para la XIII edici\u00f3n de la Fiesta Nacional de la Corvina de R\u00edo"},"content":{"rendered":"\n<p>Jorge Ferro, integrante del equipo\nt\u00e9cnico del Ministerio de Turismo de la provincia,&nbsp; afirm\u00f3 que ya est\u00e1 todo listo para una nueva\nedici\u00f3n de la Fiesta Nacional de la Corvina de R\u00edo, a realizarse los d\u00edas 7, 8\ny 9 de febrero en la villa tur\u00edstica Herradura. <\/p>\n\n\n\n<p>\u201cEsta fiesta empezar\u00e1 el viernes 7 en\nel escenario mayor, a las 20 horas el Ballet de Folklore Municipal ser\u00e1 el\nencargado de arrancar los espect\u00e1culos\u201d.<\/p>\n\n\n\n<p>Continuar\u00e1n con sus presentaciones:\nINAY, Identidad, Tekove, Marisol Otazo, Pacho Araya, Qu\u00f3rum, Carlos Zacar\u00edas,\nLos Tekis, V\u00edctor Danieri, L\u00e1zaro Caballero, Acordes del Alma, Amadis La\nTopadoa Tropical y cerrar\u00e1 Chicho Fern\u00e1ndez.<\/p>\n\n\n\n<p>El s\u00e1bado por la tarde se realizar\u00e1\nla competencia de pesca de corvina en embarcada a remo, y, a partir de las 20\nhoras actuar\u00e1n Tania Torres, Antonella Mart\u00ednez, Beltr\u00edo, Los Changos de\nLavalle, Gustavo Galeano y su Luna Payesera, Tito Avalos, Desfile, Gabriela del\nTurco y Festivaleros, Serenateros, Johana y su grupo primavera, Los Teresos,\nLos TarijasBroders y como artistas nacionales e internacionales Sebasti\u00e1n\nMendoza y Los Roller\u2019s de Encarnaci\u00f3n.<\/p>\n\n\n\n<p>El domingo 9 en horas de la ma\u00f1ana,\nse llevar\u00e1 a cabo la competencia de pesca de corvina a embarcada a motor, la\nentrega de premios se realizar\u00e1 en el cl\u00e1sico \u201calmuerzo de premiaci\u00f3n\u201d con las\nautoridades de gobierno presentes. <\/p>\n\n\n\n<p>Los artistas que actuar\u00e1n en el\ncierre de la XIII edici\u00f3n de la Fiesta Nacional de la Corvina de R\u00edo, ser\u00e1n: el\nTurco Amir, Naira Velardes, Pilcomayo, David DiazMarchetto, Roc\u00edo Arellano \u201cla\nprincesita tarragosera\u201d, Las cuatro cuerdas, Malambo femenino, Rejunte Mansero,\nDiableros de Or\u00e1n, Tina Pop, Mariel Olmedo y para el gran cierre, Los\ninternacionales \u00c1ngeles Azules y Los continuados. <\/p>\n\n\n\n<p>Ferro record\u00f3 que durante el fin de\nsemana se estar\u00e1n realizando actividades recreativas para toda la familia en el\npredio de Herradura, \u201cya tenemos muchos equipos para la competencia regional de\nbeach v\u00f3ley, por ejemplo\u201d. <\/p>\n\n\n\n<p>Se hizo hincapi\u00e9 desde la\norganizaci\u00f3n que la seguridad es primordial en este tipo de eventos, en cuanto\na los veh\u00edculos, se solicitar\u00e1 documentaciones y medidas propias de seguridad,\ncomo as\u00ed tambi\u00e9n se realizar\u00e1n controles de alcotest a los conductores y\nconductoras. Trabajar\u00e1n m\u00e1s de setecientos efectivos policiales, en conjunto\ncon Gendarmer\u00eda Nacional, para la seguridad de los presentes. <\/p>\n","protected":false},"excerpt":{"rendered":"<p>Jorge Ferro, integrante del equipo t\u00e9cnico del Ministerio de Turismo de la provincia,&nbsp; afirm\u00f3 que ya est\u00e1 todo listo para una nueva edici\u00f3n de la Fiesta Nacional de la Corvina de R\u00edo, a realizarse los d\u00edas 7, 8 y 9 de febrero en la villa tur\u00edstica Herradura. \u201cEsta fiesta empezar\u00e1 el viernes 7 en el [&hellip;]<\/p>\n","protected":false},"author":11,"featured_media":41593,"comment_status":"open","ping_status":"open","sticky":false,"template":"","format":"standard","meta":{"footnotes":""},"categories":[11],"tags":[],"class_list":["post-41582","post","type-post","status-publish","format-standard","has-post-thumbnail","hentry","category-interior"],"_links":{"self":[{"href":"http:\/\/informeformosa.com.ar\/index.php?rest_route=\/wp\/v2\/posts\/41582","targetHints":{"allow":["GET"]}}],"collection":[{"href":"http:\/\/informeformosa.com.ar\/index.php?rest_route=\/wp\/v2\/posts"}],"about":[{"href":"http:\/\/informeformosa.com.ar\/index.php?rest_route=\/wp\/v2\/types\/post"}],"author":[{"embeddable":true,"href":"http:\/\/informeformosa.com.ar\/index.php?rest_route=\/wp\/v2\/users\/11"}],"replies":[{"embeddable":true,"href":"http:\/\/informeformosa.com.ar\/index.php?rest_route=%2Fwp%2Fv2%2Fcomments&post=41582"}],"version-history":[{"count":1,"href":"http:\/\/informeformosa.com.ar\/index.php?rest_route=\/wp\/v2\/posts\/41582\/revisions"}],"predecessor-version":[{"id":41594,"href":"http:\/\/informeformosa.com.ar\/index.php?rest_route=\/wp\/v2\/posts\/41582\/revisions\/41594"}],"wp:featuredmedia":[{"embeddable":true,"href":"http:\/\/informeformosa.com.ar\/index.php?rest_route=\/wp\/v2\/media\/41593"}],"wp:attachment":[{"href":"http:\/\/informeformosa.com.ar\/index.php?rest_route=%2Fwp%2Fv2%2Fmedia&parent=41582"}],"wp:term":[{"taxonomy":"category","embeddable":true,"href":"http:\/\/informeformosa.com.ar\/index.php?rest_route=%2Fwp%2Fv2%2Fcategories&post=41582"},{"taxonomy":"post_tag","embeddable":true,"href":"http:\/\/informeformosa.com.ar\/index.php?rest_route=%2Fwp%2Fv2%2Ftags&post=41582"}],"curies":[{"name":"wp","href":"https:\/\/api.w.org\/{rel}","templated":true}]}}