{"id":41560,"date":"2020-02-04T19:51:03","date_gmt":"2020-02-04T22:51:03","guid":{"rendered":"http:\/\/informeformosa.com.ar\/?p=41560"},"modified":"2020-02-04T19:51:05","modified_gmt":"2020-02-04T22:51:05","slug":"canasta-de-precios-cuidados-formosenos-se-extendera-al-interior-provincial","status":"publish","type":"post","link":"http:\/\/informeformosa.com.ar\/?p=41560","title":{"rendered":"Canasta de precios cuidados formose\u00f1os se extender\u00e1 al interior provincial"},"content":{"rendered":"\n<p>El subsecretario de\nDefensa al Consumidor y Usuario de la provincia, licenciado V\u00edctor Romea sostuvo\nque en los pr\u00f3ximos d\u00edas supermercados del interior provincial estar\u00e1n\nofreciendo una canasta de productos en el marco de Precios Formose\u00f1os\nSostenidos que se sumar\u00e1 al plan nacional de Precios Cuidados y que \u00fanicamente\nresta que los comercios interesados, \u201cenv\u00eden la lista de los productos que\nestar\u00e1n incluidos\u201d. <\/p>\n\n\n\n<p>Detall\u00f3 que se trata\nde dos supermercados de Clorinda, uno de Laguna Blanca y uno de General\nBelgrano, que en principio, quieren sumarse a la iniciativa de una canasta de\nproductos aut\u00f3ctona.<\/p>\n\n\n\n<p>Acerca de la ciudad, inform\u00f3\nque APA Supermercados ya ofrece una lista de 101 productos que \u201cest\u00e1n\nse\u00f1alizados con una cenefa -que es un indicador de precio- que dice Precios\nFormose\u00f1os Sostenidos en Precios Cuidados, el nombre del producto y el monto que\ncuesta; pero adem\u00e1s hay una lista exhibida con la totalidad de los productos\u201d.<\/p>\n\n\n\n<p>Indic\u00f3 que la idea de\ncontar con una nueva canasta de productos locales es ampliar los puntos de\nventa y de esa manera \u201csuperar la limitaci\u00f3n que ten\u00edamos a\u00f1os anteriores con\nPrecios Cuidados\u201d, que \u00fanicamente las grandes cadenas&nbsp; han acordado su incorporaci\u00f3n y que en\nFormosa se trata de Chango M\u00e1s y Carrefour. <\/p>\n\n\n\n<p>En tanto, sobre los\ncontroles para que los supermercadistas respeten los precios y el stock de\nproductos que deber\u00e1n ser congelados hasta abril, seg\u00fan el acuerdo alcanzado a\nnivel nacional, fue categ\u00f3rico al se\u00f1alar que la subsecretar\u00eda no \u201ccuenta con\npersonal para hacer ese tipo de relevamiento\u201d. <\/p>\n\n\n\n<p>Y acerca de la\ndenuncia que realiz\u00f3 una ONG de Defensa al Consumidor a nivel pa\u00eds, que dice\nque lassegunda marcas han aumentado por encima de las primeras dijo: \u201cNo tengo\nprecisi\u00f3n porque no tengo forma de medir los precios, pero la idea de contar\ncon las primeras marcas en precios cuidados era justamente tener precios de\nreferencias para las segunda y terceras marcas\u201d. <\/p>\n\n\n\n<p>Luego consultado sobre\nel reciente lanzamiento de la canasta de productos escolares, afirm\u00f3 Romea que\nse encuentran analizando junto a las librer\u00edas para una canasta local y que \u201chay\npredisposici\u00f3n por parte de los comercios ya que colabora en dinamizar las\nventas que siempre son positivas antes del inicio de las clases\u201d. <\/p>\n\n\n\n<p>Por \u00faltimo, coment\u00f3\nque en oportunidad de recorrer varias sucursales de la firma Friar, que a\npartir de hoy y hasta el viernes ofrecer\u00e1n al consumidor cortes c\u00e1rnicos con\nprecios m\u00e1s econ\u00f3micos, comprob\u00f3 que mucha gente aguardaba este martes a la\nma\u00f1ana, muy temprano, para que \u201cse abrieran las puertas del negocio y as\u00ed poder\nacceder a las ofertas\u201d, en consecuencia afirm\u00f3 que la publicidad en las redes\nsociales y los medios de comunicaci\u00f3n fue un \u00e9xito.<\/p>\n\n\n\n<p>Para terminar, reiter\u00f3\nque el principal inter\u00e9s que tiene el \u00e1rea a su cargo es que \u201ctodos los\nprogramas lanzados sean lo m\u00e1s inclusivo posible, que significa que beneficie a\ntoda la gente, tal como lo pregona el gobernador Gildo Insfr\u00e1n\u201d. <\/p>\n","protected":false},"excerpt":{"rendered":"<p>El subsecretario de Defensa al Consumidor y Usuario de la provincia, licenciado V\u00edctor Romea sostuvo que en los pr\u00f3ximos d\u00edas supermercados del interior provincial estar\u00e1n ofreciendo una canasta de productos en el marco de Precios Formose\u00f1os Sostenidos que se sumar\u00e1 al plan nacional de Precios Cuidados y que \u00fanicamente resta que los comercios interesados, \u201cenv\u00eden [&hellip;]<\/p>\n","protected":false},"author":11,"featured_media":41567,"comment_status":"open","ping_status":"open","sticky":false,"template":"","format":"standard","meta":{"footnotes":""},"categories":[11],"tags":[],"class_list":["post-41560","post","type-post","status-publish","format-standard","has-post-thumbnail","hentry","category-interior"],"_links":{"self":[{"href":"http:\/\/informeformosa.com.ar\/index.php?rest_route=\/wp\/v2\/posts\/41560","targetHints":{"allow":["GET"]}}],"collection":[{"href":"http:\/\/informeformosa.com.ar\/index.php?rest_route=\/wp\/v2\/posts"}],"about":[{"href":"http:\/\/informeformosa.com.ar\/index.php?rest_route=\/wp\/v2\/types\/post"}],"author":[{"embeddable":true,"href":"http:\/\/informeformosa.com.ar\/index.php?rest_route=\/wp\/v2\/users\/11"}],"replies":[{"embeddable":true,"href":"http:\/\/informeformosa.com.ar\/index.php?rest_route=%2Fwp%2Fv2%2Fcomments&post=41560"}],"version-history":[{"count":1,"href":"http:\/\/informeformosa.com.ar\/index.php?rest_route=\/wp\/v2\/posts\/41560\/revisions"}],"predecessor-version":[{"id":41568,"href":"http:\/\/informeformosa.com.ar\/index.php?rest_route=\/wp\/v2\/posts\/41560\/revisions\/41568"}],"wp:featuredmedia":[{"embeddable":true,"href":"http:\/\/informeformosa.com.ar\/index.php?rest_route=\/wp\/v2\/media\/41567"}],"wp:attachment":[{"href":"http:\/\/informeformosa.com.ar\/index.php?rest_route=%2Fwp%2Fv2%2Fmedia&parent=41560"}],"wp:term":[{"taxonomy":"category","embeddable":true,"href":"http:\/\/informeformosa.com.ar\/index.php?rest_route=%2Fwp%2Fv2%2Fcategories&post=41560"},{"taxonomy":"post_tag","embeddable":true,"href":"http:\/\/informeformosa.com.ar\/index.php?rest_route=%2Fwp%2Fv2%2Ftags&post=41560"}],"curies":[{"name":"wp","href":"https:\/\/api.w.org\/{rel}","templated":true}]}}