{"id":41546,"date":"2020-02-04T19:35:44","date_gmt":"2020-02-04T22:35:44","guid":{"rendered":"http:\/\/informeformosa.com.ar\/?p=41546"},"modified":"2020-02-04T19:35:47","modified_gmt":"2020-02-04T22:35:47","slug":"destacan-la-vuelta-de-la-paritaria-nacional-docente","status":"publish","type":"post","link":"http:\/\/informeformosa.com.ar\/?p=41546","title":{"rendered":"Destacan la vuelta de la paritaria nacional docente"},"content":{"rendered":"\n<p>La Delegaci\u00f3n Formosa del Sindicato Argentino de\nDocentes Privados (SADOP) destac\u00f3 la restituci\u00f3n por parte del Gobierno\nNacional del presidente Alberto Fern\u00e1ndez de la paritaria nacional docente y la\nreapertura de la discusi\u00f3n salarial y laboral, con miras al inicio del ciclo\nlectivo 2020 el pr\u00f3ximo lunes 2 de marzo.<\/p>\n\n\n\n<p>El pasado jueves se realiz\u00f3 el primer encuentro por\nla restablecida paritaria nacional, del cual participaron el ministro de\nEducaci\u00f3n de la Naci\u00f3n, Nicol\u00e1s Trotta; el ministro de Trabajo, Empleo y\nSeguridad Social, Claudio Moroni; y los secretarios generales Sonia Alesso, de\nCTERA; Sergio Romero de UDA; Fabi\u00e1n Felman, de CEA; Jorge Kalinger, de SADOP; y\nSara Garc\u00eda de AMET, entre otros dirigentes.<\/p>\n\n\n\n<p>Al respecto, Mayda M\u00e9ndez, secretaria de Educaci\u00f3n\nde SADOP Formosa, resalt\u00f3 que \u00abla paritaria es un instrumento de\nregulaci\u00f3n del conflicto sindical, por eso nos parece muy importante que haya\nvuelto y que se haya abierto nuevamente la mesa de di\u00e1logo, tanto por el Estado\nNacional como para los Estados provinciales y los principales gremios de la\nense\u00f1anza\u00bb.<\/p>\n\n\n\n<p>Hizo notar que en ese espacio de discusi\u00f3n y\nb\u00fasqueda de consensos \u00abno solamente se fija el salario m\u00ednimo, sino que\ntambi\u00e9n se establecen las condiciones del ambiente laboral. En ese sentido nos\nparece muy importante que se haya vuelto a abrir\u00bb.<\/p>\n\n\n\n<p>\u00abNosotros esperamos mejorar las condiciones\necon\u00f3micas en el sector docente, teniendo en cuenta la emergencia econ\u00f3mica que\nse est\u00e1 viviendo, no solamente en lo que es el salario m\u00ednimo, sino tambi\u00e9n en\nlas condiciones laborales de los docentes, en nuestro caso, del sector\nprivado\u00bb, remarc\u00f3.<\/p>\n\n\n\n<p>Reiter\u00f3 que \u00abapoyamos totalmente la vuelta de\nla paritaria nacional docente, ya que aspiramos a que en medio de la emergencia\necon\u00f3mica podamos sobrellevar esta situaci\u00f3n de nuestros afiliados y tambi\u00e9n\nlos no afiliados, mejorando todo lo que es el medioambiente laboral del colega,\npor ejemplo las ART, la salud, entre otras cuestiones\u00bb.<\/p>\n\n\n\n<p>M\u00e9ndez calific\u00f3 como \u00abmuy dif\u00edcil\u00bb el\nper\u00edodo en el que gobern\u00f3 el pa\u00eds el expresidente Mauricio Macri, marcando que\n\u00abtratamos de sobrellevar lo que dej\u00f3 el Gobierno Nacional anterior, una\n\u00e9poca donde perdimos derechos adquiridos. Por eso estamos luchando para revertir\nesas situaciones\u00bb.<\/p>\n\n\n\n<p>Consultada sobre el nuevo ciclo lectivo que se\nviene, subray\u00f3 que \u00abestamos trabajando continuamente\u00bb, indicando que\n\u00abtodav\u00eda no nos reunimos con los colegios, a mediados de febrero lo\nestar\u00edamos haciendo seguramente\u00bb.<\/p>\n\n\n\n<p>Finalmente, para consultas o m\u00e1s informaci\u00f3n,\ninform\u00f3 que la oficina del sindicato se encuentra ubicada en la calle Mitre N\u00b0\n420 de la ciudad capital. <\/p>\n","protected":false},"excerpt":{"rendered":"<p>La Delegaci\u00f3n Formosa del Sindicato Argentino de Docentes Privados (SADOP) destac\u00f3 la restituci\u00f3n por parte del Gobierno Nacional del presidente Alberto Fern\u00e1ndez de la paritaria nacional docente y la reapertura de la discusi\u00f3n salarial y laboral, con miras al inicio del ciclo lectivo 2020 el pr\u00f3ximo lunes 2 de marzo. El pasado jueves se realiz\u00f3 [&hellip;]<\/p>\n","protected":false},"author":11,"featured_media":41555,"comment_status":"open","ping_status":"open","sticky":false,"template":"","format":"standard","meta":{"footnotes":""},"categories":[4],"tags":[],"class_list":["post-41546","post","type-post","status-publish","format-standard","has-post-thumbnail","hentry","category-educacion"],"_links":{"self":[{"href":"http:\/\/informeformosa.com.ar\/index.php?rest_route=\/wp\/v2\/posts\/41546","targetHints":{"allow":["GET"]}}],"collection":[{"href":"http:\/\/informeformosa.com.ar\/index.php?rest_route=\/wp\/v2\/posts"}],"about":[{"href":"http:\/\/informeformosa.com.ar\/index.php?rest_route=\/wp\/v2\/types\/post"}],"author":[{"embeddable":true,"href":"http:\/\/informeformosa.com.ar\/index.php?rest_route=\/wp\/v2\/users\/11"}],"replies":[{"embeddable":true,"href":"http:\/\/informeformosa.com.ar\/index.php?rest_route=%2Fwp%2Fv2%2Fcomments&post=41546"}],"version-history":[{"count":1,"href":"http:\/\/informeformosa.com.ar\/index.php?rest_route=\/wp\/v2\/posts\/41546\/revisions"}],"predecessor-version":[{"id":41556,"href":"http:\/\/informeformosa.com.ar\/index.php?rest_route=\/wp\/v2\/posts\/41546\/revisions\/41556"}],"wp:featuredmedia":[{"embeddable":true,"href":"http:\/\/informeformosa.com.ar\/index.php?rest_route=\/wp\/v2\/media\/41555"}],"wp:attachment":[{"href":"http:\/\/informeformosa.com.ar\/index.php?rest_route=%2Fwp%2Fv2%2Fmedia&parent=41546"}],"wp:term":[{"taxonomy":"category","embeddable":true,"href":"http:\/\/informeformosa.com.ar\/index.php?rest_route=%2Fwp%2Fv2%2Fcategories&post=41546"},{"taxonomy":"post_tag","embeddable":true,"href":"http:\/\/informeformosa.com.ar\/index.php?rest_route=%2Fwp%2Fv2%2Ftags&post=41546"}],"curies":[{"name":"wp","href":"https:\/\/api.w.org\/{rel}","templated":true}]}}