{"id":41545,"date":"2020-02-04T19:31:25","date_gmt":"2020-02-04T22:31:25","guid":{"rendered":"http:\/\/informeformosa.com.ar\/?p=41545"},"modified":"2020-02-04T19:53:38","modified_gmt":"2020-02-04T22:53:38","slug":"caraballo-a-bonadio-se-lo-va-a-recordar-como-una-mancha-en-nuestra-administracion-de-justicia","status":"publish","type":"post","link":"http:\/\/informeformosa.com.ar\/?p=41545","title":{"rendered":"Verano 2020: Ni\u00f1os siguen disfrutando de las colonias de vacaciones"},"content":{"rendered":"\n<p>Este lunes se puso en marcha el quinto m\u00f3dulo de las\ncolonias de vacaciones que lleva adelante el Gobierno de la provincia en el\nPara\u00edso de los Ni\u00f1os y el Parque Acu\u00e1tico \u00ab17 de Octubre\u00bb de la\nJurisdicci\u00f3n Cinco.<\/p>\n\n\n\n<p>La profesora Guadalupe Robles, responsable de la\nDirecci\u00f3n del Parque Infantil, destac\u00f3 que \u00abesta semana comenzamos el\nm\u00f3dulo cinco de las colonias de vacaciones que lleva a cabo el Gobierno de la\nprovincia a trav\u00e9s del Ministerio de la Secretar\u00eda General del Poder Ejecutivo\ny los organismos que colaboran\u00bb.<\/p>\n\n\n\n<p>\u00abEmpezamos con d\u00edas muy cargaditos porque este\nlunes y el martes, hasta el turno ma\u00f1ana, hemos tenido unos 700 ni\u00f1os en las\npiletas, teniendo en cuenta que los barrios que esta semana participan son muy\nconcurridos. Se trata de La Nueva Formosa, Liborsi, Quebrachito, entre\notros\u00bb, indic\u00f3.<\/p>\n\n\n\n<p>Puntualiz\u00f3 que \u00ablos chicos pasan por la\nrevisaci\u00f3n m\u00e9dica y odontol\u00f3gica y tambi\u00e9n contamos con la presencia de un\ndermat\u00f3logo especialista que ve los casos puntuales que tienen que ver con la\npiel. Adem\u00e1s, participan de los talleres y luego disfrutan de los natatorios,\nque son el plato fuerte que m\u00e1s agrada a los chicos\u00bb.<\/p>\n\n\n\n<p>A su vez coment\u00f3 que, a trav\u00e9s del Programa\n\u00abConociendo Mi Provincia\u00bb, el Complejo Para\u00edso de los Ni\u00f1os, desde el\nAlbergue Evita, est\u00e1 recibiendo a una delegaci\u00f3n de 44 ni\u00f1os de Montelindo.<\/p>\n\n\n\n<p>Este lunes estuvieron en el Para\u00edso y el martes\ndisfrutaron de las instalaciones del Parque Acu\u00e1tico, visitando otros lugares\ncaracter\u00edsticos de la ciudad capital como por ejemplo el estadio\nCincuentenario, donde vieron el partido que disput\u00f3 La Uni\u00f3n.<\/p>\n\n\n\n<p>\u00abLos chicos regresan este mi\u00e9rcoles a su\nlocalidad y nosotros esperamos ansiosos a una delegaci\u00f3n de Piran\u00e9 que se\nquedar\u00e1 hasta el viernes\u00bb, apunt\u00f3.<\/p>\n\n\n\n<p>En ese sentido, valor\u00f3 la implementaci\u00f3n de este\nprograma del Gobierno provincial, ya que \u00abes una oportunidad para el ni\u00f1o\ndel interior\u00bb, remarcando que \u00abmuchas veces nos cuentan los\nprofesores que es la \u00fanica vez que vienen a la capital. Es muy grato ver la\nfelicidad con la que se van los chicos, una gran alegr\u00eda porque nosotros\nestamos en todos los detalles\u00bb.<\/p>\n\n\n\n<p>\u00abLa semana que viene tendremos otras\ndelegaciones\u00bb, inform\u00f3 Robles, quien mencion\u00f3 las numerosas localidades\nque ya han visitado la capital formose\u00f1a en el marco de \u00abConociendo Mi\nProvincia\u00bb. Algunas son: Herradura, Pastoril, Mansilla, San Mart\u00edn Dos,\nEspinillo, Palo Santo, Villa Dos Trece, entre otras.<\/p>\n","protected":false},"excerpt":{"rendered":"<p>Este lunes se puso en marcha el quinto m\u00f3dulo de las colonias de vacaciones que lleva adelante el Gobierno de la provincia en el Para\u00edso de los Ni\u00f1os y el Parque Acu\u00e1tico \u00ab17 de Octubre\u00bb de la Jurisdicci\u00f3n Cinco. La profesora Guadalupe Robles, responsable de la Direcci\u00f3n del Parque Infantil, destac\u00f3 que \u00abesta semana comenzamos [&hellip;]<\/p>\n","protected":false},"author":11,"featured_media":41569,"comment_status":"open","ping_status":"open","sticky":false,"template":"","format":"standard","meta":{"footnotes":""},"categories":[2],"tags":[],"class_list":["post-41545","post","type-post","status-publish","format-standard","has-post-thumbnail","hentry","category-locales"],"_links":{"self":[{"href":"http:\/\/informeformosa.com.ar\/index.php?rest_route=\/wp\/v2\/posts\/41545","targetHints":{"allow":["GET"]}}],"collection":[{"href":"http:\/\/informeformosa.com.ar\/index.php?rest_route=\/wp\/v2\/posts"}],"about":[{"href":"http:\/\/informeformosa.com.ar\/index.php?rest_route=\/wp\/v2\/types\/post"}],"author":[{"embeddable":true,"href":"http:\/\/informeformosa.com.ar\/index.php?rest_route=\/wp\/v2\/users\/11"}],"replies":[{"embeddable":true,"href":"http:\/\/informeformosa.com.ar\/index.php?rest_route=%2Fwp%2Fv2%2Fcomments&post=41545"}],"version-history":[{"count":2,"href":"http:\/\/informeformosa.com.ar\/index.php?rest_route=\/wp\/v2\/posts\/41545\/revisions"}],"predecessor-version":[{"id":41570,"href":"http:\/\/informeformosa.com.ar\/index.php?rest_route=\/wp\/v2\/posts\/41545\/revisions\/41570"}],"wp:featuredmedia":[{"embeddable":true,"href":"http:\/\/informeformosa.com.ar\/index.php?rest_route=\/wp\/v2\/media\/41569"}],"wp:attachment":[{"href":"http:\/\/informeformosa.com.ar\/index.php?rest_route=%2Fwp%2Fv2%2Fmedia&parent=41545"}],"wp:term":[{"taxonomy":"category","embeddable":true,"href":"http:\/\/informeformosa.com.ar\/index.php?rest_route=%2Fwp%2Fv2%2Fcategories&post=41545"},{"taxonomy":"post_tag","embeddable":true,"href":"http:\/\/informeformosa.com.ar\/index.php?rest_route=%2Fwp%2Fv2%2Ftags&post=41545"}],"curies":[{"name":"wp","href":"https:\/\/api.w.org\/{rel}","templated":true}]}}