{"id":41540,"date":"2020-02-04T19:23:11","date_gmt":"2020-02-04T22:23:11","guid":{"rendered":"http:\/\/informeformosa.com.ar\/?p=41540"},"modified":"2020-02-04T19:23:14","modified_gmt":"2020-02-04T22:23:14","slug":"armando-cabrera-en-formosa-si-se-puede","status":"publish","type":"post","link":"http:\/\/informeformosa.com.ar\/?p=41540","title":{"rendered":"Armando Cabrera: \u00abEn Formosa si se puede\u00bb"},"content":{"rendered":"\n<p>El Presidente Provisional de la Legislatura, doctor\nArmando Felipe Cabrera, destac\u00f3 este martes la reciente inauguraci\u00f3n del\ncomplejo de piletas en la localidad de Villa Escolar, oportunidad d\u00f3nde\nacompa\u00f1\u00f3 al Vicegobernador Eber Sol\u00eds en este trascendental acto para beneficio\nde miles de formose\u00f1os en esa parte de la Provincia.<\/p>\n\n\n\n<p>Desde Villa Escolar, Cabrera resalt\u00f3 alcances del\n\u201cModelo Formose\u00f1o\u201d de gesti\u00f3n, que comprende a todas las mujeres y hombres que\nhabitan el territorio provincial, y para quienes est\u00e1n direccionadas todas las\nmedidas en el marco de la Justicia Social que instrumenta como paradigma el\nGobernador Insfr\u00e1n y su equipo de trabajo.<\/p>\n\n\n\n<p>Puntualiz\u00f3 que estas medidas, de impacto directo a\nla poblaci\u00f3n, son pol\u00edticas de estado que se aplican en Formosa, y que hacen a\nla calidad de vida de la ciudadan\u00eda. \u201cSomos una provincia que est\u00e1 en el\ncoraz\u00f3n de la zona subtropical, con muy altas temperaturas y estas obras son un\npulm\u00f3n para la gente\u201d, valor\u00f3.<\/p>\n\n\n\n<p>De esta manera, el Doctor Cabrera sostiene que el\nGobernador Insfr\u00e1n, constituye: \u201cUn faro para todo el Movimiento Nacional y\nPopular de la Rep\u00fablica Argentina\u201d por su \u201ctenacidad y empe\u00f1o realizado en la\nprovincia de Formosa\u201d que se evidencia como ejemplo a seguir para todo el pa\u00eds.<\/p>\n\n\n\n<p>Record\u00f3 que durante el Gobierno de Mauricio Macri\ns\u00f3lo hubo mentiras, con consecuencias nefastas para la Argentina en lo\necon\u00f3mico y en lo social, con indicadores de pobreza record, inflaci\u00f3n\ngalopante y una deuda exorbitante como herencia.<\/p>\n\n\n\n<p>A contra punto, marc\u00f3 que \u201cFormosa goza de buena\nsalud en lo econ\u00f3mico\u201d y con obras de infraestructura b\u00e1sica como la l\u00ednea\nel\u00e9ctrica de 500 kv. \u201cEn Formosa s\u00ed se puede\u201d, exalt\u00f3 con orgullo.<\/p>\n\n\n\n<p>Atento a ello, asegur\u00f3 que la visita del Ministro de\nObras P\u00fablicas Gabriel Katopodis \u201ces propicia para enderezar el camino de\natrasado y olvido que imprim\u00f3 Mauricio Macri para los formose\u00f1os\u201d.<\/p>\n\n\n\n<p>Analizando la coyuntura nacional, consider\u00f3 que el\nMovimiento Nacional y Popular siempre ubic\u00f3 en los mejores planos a hombres y\nmujeres que saben gobernar y gestionar.<\/p>\n\n\n\n<p>\u201cAlberto Fern\u00e1ndez superar\u00e1 la dificultad de la\npesada deuda, con pol\u00edticas p\u00fablicas como la moratoria de la AFIP que\nposibilita que las empresas puedan reencauzarse y acceder a cr\u00e9ditos\u201d.<\/p>\n\n\n\n<p>\u201cEs otra la mirada actual y el Gobierno Nacional\nest\u00e1 trabajando para la reactivaci\u00f3n de la econom\u00eda\u201d. \u201cEstamos reci\u00e9n en unos\n50 d\u00edas de gesti\u00f3n, cuando Mauricio Macri desbast\u00f3 el pa\u00eds en los \u00faltimos\ncuatro a\u00f1os\u201d, agreg\u00f3 el Diputado Cabrera marcando as\u00ed las diferentes\nestructurales entre el modelo neoliberal del ex presidente y el modelo de la\nJusticia Social que llevan adelante en consonancia el Presidente Fern\u00e1ndez y el\nGobernador Insfr\u00e1n.<\/p>\n","protected":false},"excerpt":{"rendered":"<p>El Presidente Provisional de la Legislatura, doctor Armando Felipe Cabrera, destac\u00f3 este martes la reciente inauguraci\u00f3n del complejo de piletas en la localidad de Villa Escolar, oportunidad d\u00f3nde acompa\u00f1\u00f3 al Vicegobernador Eber Sol\u00eds en este trascendental acto para beneficio de miles de formose\u00f1os en esa parte de la Provincia. Desde Villa Escolar, Cabrera resalt\u00f3 alcances [&hellip;]<\/p>\n","protected":false},"author":11,"featured_media":41547,"comment_status":"open","ping_status":"open","sticky":false,"template":"","format":"standard","meta":{"footnotes":""},"categories":[2],"tags":[],"class_list":["post-41540","post","type-post","status-publish","format-standard","has-post-thumbnail","hentry","category-locales"],"_links":{"self":[{"href":"http:\/\/informeformosa.com.ar\/index.php?rest_route=\/wp\/v2\/posts\/41540","targetHints":{"allow":["GET"]}}],"collection":[{"href":"http:\/\/informeformosa.com.ar\/index.php?rest_route=\/wp\/v2\/posts"}],"about":[{"href":"http:\/\/informeformosa.com.ar\/index.php?rest_route=\/wp\/v2\/types\/post"}],"author":[{"embeddable":true,"href":"http:\/\/informeformosa.com.ar\/index.php?rest_route=\/wp\/v2\/users\/11"}],"replies":[{"embeddable":true,"href":"http:\/\/informeformosa.com.ar\/index.php?rest_route=%2Fwp%2Fv2%2Fcomments&post=41540"}],"version-history":[{"count":1,"href":"http:\/\/informeformosa.com.ar\/index.php?rest_route=\/wp\/v2\/posts\/41540\/revisions"}],"predecessor-version":[{"id":41548,"href":"http:\/\/informeformosa.com.ar\/index.php?rest_route=\/wp\/v2\/posts\/41540\/revisions\/41548"}],"wp:featuredmedia":[{"embeddable":true,"href":"http:\/\/informeformosa.com.ar\/index.php?rest_route=\/wp\/v2\/media\/41547"}],"wp:attachment":[{"href":"http:\/\/informeformosa.com.ar\/index.php?rest_route=%2Fwp%2Fv2%2Fmedia&parent=41540"}],"wp:term":[{"taxonomy":"category","embeddable":true,"href":"http:\/\/informeformosa.com.ar\/index.php?rest_route=%2Fwp%2Fv2%2Fcategories&post=41540"},{"taxonomy":"post_tag","embeddable":true,"href":"http:\/\/informeformosa.com.ar\/index.php?rest_route=%2Fwp%2Fv2%2Ftags&post=41540"}],"curies":[{"name":"wp","href":"https:\/\/api.w.org\/{rel}","templated":true}]}}