{"id":41523,"date":"2020-02-03T19:20:11","date_gmt":"2020-02-03T22:20:11","guid":{"rendered":"http:\/\/informeformosa.com.ar\/?p=41523"},"modified":"2020-02-03T19:20:13","modified_gmt":"2020-02-03T22:20:13","slug":"palo-santo-celebro-110-anos-de-su-fundacion","status":"publish","type":"post","link":"http:\/\/informeformosa.com.ar\/?p=41523","title":{"rendered":"Palo Santo celebr\u00f3 110\u00b0 a\u00f1os de su fundaci\u00f3n"},"content":{"rendered":"\n<p>Palo Santo cumpli\u00f3\neste lunes 3, 110\u00b0 a\u00f1os y la comunidad lo celebr\u00f3 con una serenata en la\nv\u00edspera del aniversario fundacional, que fue multitudinario, contando con la\npresentaci\u00f3n de grupos musicales locales y de la regi\u00f3n. As\u00ed lo se\u00f1ala el\nintendente de la localidad Ra\u00fal D\u00b4zakich, quien confirm\u00f3 que alrededor de 7 mil\npersonas asistieron al evento que organiz\u00f3 la comuna. <\/p>\n\n\n\n<p>Los festejos\ncomenzaron el pasado s\u00e1bado 1 con un festival de m\u00fasicos locales que organiz\u00f3\nla municipalidad, al igual que la serenata tradicional que tuvo muchos\nvisitantes de la ciudad de Formosa y tambi\u00e9n localidades aleda\u00f1as coment\u00f3 el\njefe comunal. <\/p>\n\n\n\n<p>Un 3 de febrero, pero\ndel a\u00f1o 1908 se fund\u00f3 la localidad de Palo Santo, y cuenta la historia que con\nmotivo de la construcci\u00f3n de las v\u00edas f\u00e9rreas del tren, los trabajadores\nencontraron dos plantas de palo santo y que luego ese episodio se convirti\u00f3 en\nel hito para nombrar a la ciudad. <\/p>\n\n\n\n<p>Un pueblo, que indic\u00f3\nel jefe comunal \u201ctuvo un crecimiento importante, por eso decimos que ha dejado\nde ser pueblo para ser ciudad\u201d y que \u201cmucho tuvo que ver el gobernador Insfr\u00e1n\nen ese empuje a trav\u00e9s de recurso y obras, aun en los tiempos dif\u00edciles con el\ngobierno nacional anterior, \u00e9l jam\u00e1s nos solt\u00f3 la mano\u201d, agreg\u00f3. <\/p>\n\n\n\n<p>Sobre la planta de\npalo santo, D\u00b4zakich explic\u00f3 que cuesta mucho su crecimiento y que han\nsolicitado a un vivero en Laguna Yema un total de 500 plantines que despu\u00e9s\nser\u00e1n colocados en el ingreso a la localidad, \u201cla idea es que tengamos unos 100\nmetros por la vera de la ruta 81 en el acceso estas plantas que justamente\nhablan de la historia de la creaci\u00f3n de la ciudad\u201d. <\/p>\n\n\n\n<p>Por \u00faltimo, asegur\u00f3\nque \u201cpoco a poco se empez\u00f3 a reactivar la producci\u00f3n de muebles de algarrobo\nuna actividad fundamental que tienen los lugare\u00f1os\u201d. <\/p>\n","protected":false},"excerpt":{"rendered":"<p>Palo Santo cumpli\u00f3 este lunes 3, 110\u00b0 a\u00f1os y la comunidad lo celebr\u00f3 con una serenata en la v\u00edspera del aniversario fundacional, que fue multitudinario, contando con la presentaci\u00f3n de grupos musicales locales y de la regi\u00f3n. As\u00ed lo se\u00f1ala el intendente de la localidad Ra\u00fal D\u00b4zakich, quien confirm\u00f3 que alrededor de 7 mil personas [&hellip;]<\/p>\n","protected":false},"author":11,"featured_media":41533,"comment_status":"open","ping_status":"open","sticky":false,"template":"","format":"standard","meta":{"footnotes":""},"categories":[11],"tags":[],"class_list":["post-41523","post","type-post","status-publish","format-standard","has-post-thumbnail","hentry","category-interior"],"_links":{"self":[{"href":"http:\/\/informeformosa.com.ar\/index.php?rest_route=\/wp\/v2\/posts\/41523","targetHints":{"allow":["GET"]}}],"collection":[{"href":"http:\/\/informeformosa.com.ar\/index.php?rest_route=\/wp\/v2\/posts"}],"about":[{"href":"http:\/\/informeformosa.com.ar\/index.php?rest_route=\/wp\/v2\/types\/post"}],"author":[{"embeddable":true,"href":"http:\/\/informeformosa.com.ar\/index.php?rest_route=\/wp\/v2\/users\/11"}],"replies":[{"embeddable":true,"href":"http:\/\/informeformosa.com.ar\/index.php?rest_route=%2Fwp%2Fv2%2Fcomments&post=41523"}],"version-history":[{"count":1,"href":"http:\/\/informeformosa.com.ar\/index.php?rest_route=\/wp\/v2\/posts\/41523\/revisions"}],"predecessor-version":[{"id":41534,"href":"http:\/\/informeformosa.com.ar\/index.php?rest_route=\/wp\/v2\/posts\/41523\/revisions\/41534"}],"wp:featuredmedia":[{"embeddable":true,"href":"http:\/\/informeformosa.com.ar\/index.php?rest_route=\/wp\/v2\/media\/41533"}],"wp:attachment":[{"href":"http:\/\/informeformosa.com.ar\/index.php?rest_route=%2Fwp%2Fv2%2Fmedia&parent=41523"}],"wp:term":[{"taxonomy":"category","embeddable":true,"href":"http:\/\/informeformosa.com.ar\/index.php?rest_route=%2Fwp%2Fv2%2Fcategories&post=41523"},{"taxonomy":"post_tag","embeddable":true,"href":"http:\/\/informeformosa.com.ar\/index.php?rest_route=%2Fwp%2Fv2%2Ftags&post=41523"}],"curies":[{"name":"wp","href":"https:\/\/api.w.org\/{rel}","templated":true}]}}