{"id":41521,"date":"2020-02-03T19:17:03","date_gmt":"2020-02-03T22:17:03","guid":{"rendered":"http:\/\/informeformosa.com.ar\/?p=41521"},"modified":"2020-02-03T19:17:06","modified_gmt":"2020-02-03T22:17:06","slug":"inicio-a-pleno-en-la-colonia-del-parque-paraiso-de-los-ninos","status":"publish","type":"post","link":"http:\/\/informeformosa.com.ar\/?p=41521","title":{"rendered":"Inicio a pleno en la colonia del Parque Para\u00edso de los Ni\u00f1os"},"content":{"rendered":"\n<p>Se trata del quinto\nm\u00f3dulo de la colonia organizada por el gobierno provincial que convoca a ni\u00f1os\nde distintos barrios capitalinos. Este lunes, con la visita de ni\u00f1os de Monte\nLindo que se encuentran en Formosa, en el marco del programa \u201cConociendo Mi\nProvincia\u201d.<\/p>\n\n\n\n<p>Por la ma\u00f1ana, les\ntoc\u00f3 el turno a los ni\u00f1os vecinos de los barrios La Colonia, 12\nde Octubre, Lote 111, Liborsi, Nueva Formosa y Quebrachito. Mientras que en el\nturno de la&nbsp; tarde fueron convocados los\nbarrios Fachini, San Juan I y II, Urbanizaci\u00f3n Espa\u00f1a y San Antonio. <\/p>\n\n\n\n<p>La diputada provincial Otilia Britez acompa\u00f1\u00f3 el\ninicio del quinto m\u00f3dulo y brind\u00f3 algunas declaraciones a la prensa al se\u00f1alar\nque se trata de un acto de gobierno que pretende incluir a todos los ni\u00f1os de\nla ciudad.<\/p>\n\n\n\n<p>\u201cInvito a los que\nhablan y critican algunas obras, como por ejemplo nuestro hermoso Parque\nAcu\u00e1tico a que vayan y vean como disfrutan los chicos en el lugar, lo que se\nlos cuida, la parte m\u00e9dica, la log\u00edstica, no se dej\u00f3 nada al azar, esta todo\nplanificado como nos pidi\u00f3 nuestro conductor\u201d se\u00f1al\u00f3.<\/p>\n\n\n\n<p>\u201cVinimos con casi\n60 ni\u00f1os, me toc\u00f3 traerlos, mis otras compa\u00f1eras trajeron a 40 m\u00e1s, es una\nfelicidad poder acompa\u00f1arlos, es un barrio humilde, que reci\u00e9n est\u00e1 comenzando,\nque nos den esta posibilidad es muy hermoso\u201d se\u00f1al\u00f3 Melina Rosa, referente del\nbarrio Lote 111.<\/p>\n\n\n\n<p>Por su parte el\nprofesor de educaci\u00f3n f\u00edsica, Emilio Olarte dijo que todo un equipo de\nprofesionales trabaja en la atenci\u00f3n y contenci\u00f3n de los miles de ni\u00f1os que\ncada verano participan de la colonia.<\/p>\n\n\n\n<p><strong>&nbsp;<\/strong>\u201cEs muy gratificante recibir a tanta cantidad de chicos\nsemanalmente, todo un desaf\u00edo en los tiempos que corren. La colonia tiene una\nfinalidad, no solo entretener, sino inculcar valores\u201d recalc\u00f3.<\/p>\n\n\n\n<p>\u201cHay grupos de\nprofesores, estudiantes, guardavidas acreditados por la municipalidad, tenemos\ngente capacitada para recibir a los ni\u00f1os todas las semanas\u201d indic\u00f3 Olarte. <\/p>\n","protected":false},"excerpt":{"rendered":"<p>Se trata del quinto m\u00f3dulo de la colonia organizada por el gobierno provincial que convoca a ni\u00f1os de distintos barrios capitalinos. Este lunes, con la visita de ni\u00f1os de Monte Lindo que se encuentran en Formosa, en el marco del programa \u201cConociendo Mi Provincia\u201d. Por la ma\u00f1ana, les toc\u00f3 el turno a los ni\u00f1os vecinos [&hellip;]<\/p>\n","protected":false},"author":11,"featured_media":41529,"comment_status":"open","ping_status":"open","sticky":false,"template":"","format":"standard","meta":{"footnotes":""},"categories":[2],"tags":[],"class_list":["post-41521","post","type-post","status-publish","format-standard","has-post-thumbnail","hentry","category-locales"],"_links":{"self":[{"href":"http:\/\/informeformosa.com.ar\/index.php?rest_route=\/wp\/v2\/posts\/41521","targetHints":{"allow":["GET"]}}],"collection":[{"href":"http:\/\/informeformosa.com.ar\/index.php?rest_route=\/wp\/v2\/posts"}],"about":[{"href":"http:\/\/informeformosa.com.ar\/index.php?rest_route=\/wp\/v2\/types\/post"}],"author":[{"embeddable":true,"href":"http:\/\/informeformosa.com.ar\/index.php?rest_route=\/wp\/v2\/users\/11"}],"replies":[{"embeddable":true,"href":"http:\/\/informeformosa.com.ar\/index.php?rest_route=%2Fwp%2Fv2%2Fcomments&post=41521"}],"version-history":[{"count":1,"href":"http:\/\/informeformosa.com.ar\/index.php?rest_route=\/wp\/v2\/posts\/41521\/revisions"}],"predecessor-version":[{"id":41530,"href":"http:\/\/informeformosa.com.ar\/index.php?rest_route=\/wp\/v2\/posts\/41521\/revisions\/41530"}],"wp:featuredmedia":[{"embeddable":true,"href":"http:\/\/informeformosa.com.ar\/index.php?rest_route=\/wp\/v2\/media\/41529"}],"wp:attachment":[{"href":"http:\/\/informeformosa.com.ar\/index.php?rest_route=%2Fwp%2Fv2%2Fmedia&parent=41521"}],"wp:term":[{"taxonomy":"category","embeddable":true,"href":"http:\/\/informeformosa.com.ar\/index.php?rest_route=%2Fwp%2Fv2%2Fcategories&post=41521"},{"taxonomy":"post_tag","embeddable":true,"href":"http:\/\/informeformosa.com.ar\/index.php?rest_route=%2Fwp%2Fv2%2Ftags&post=41521"}],"curies":[{"name":"wp","href":"https:\/\/api.w.org\/{rel}","templated":true}]}}