{"id":38685,"date":"2019-08-16T21:14:59","date_gmt":"2019-08-17T00:14:59","guid":{"rendered":"http:\/\/informeformosa.com.ar\/?p=38685"},"modified":"2019-08-16T21:15:01","modified_gmt":"2019-08-17T00:15:01","slug":"fernandez-patri-considero-parches-las-medidas-economicas-adoptadas-por-macri","status":"publish","type":"post","link":"http:\/\/informeformosa.com.ar\/?p=38685","title":{"rendered":"Fern\u00e1ndez Patri considero \u00abparches\u00bb las medidas econ\u00f3micas adoptadas por Macri"},"content":{"rendered":"\n<p>Para\nel diputado nacional de Formosa Ramiro Fern\u00e1ndez Patri, el Gobierno Nacional de\nMauricio Macri, luego de la contundente derrota en las PASO, toma decisiones\nque son parches, una d\u00e1diva por dos meses, que no alcanzan para que la gente y\nlos trabajadores recuperen su poder adquisitivo\u00bb.<\/p>\n\n\n\n<p>Sus\ndeclaraciones fueron hechas este viernes por la ma\u00f1ana al t\u00e9rmino del acto de\nentrega de sendos subsidios \u2013hecho por la C\u00e1mara de Diputados de la Naci\u00f3n-\npara el C\u00edrculo de No Videntes&nbsp;Formosa\n(CINOVI) y el Club San Lorenzo. Ambas instituciones realizan una enorme tarea,\nuna de ellas a favor de personas con discapacidad y la otra para el deporte\ncomunitario, y un apoyo a sus valiosas tareas creemos contribuir\u00e1 a los\nobjetivos trazados.<\/p>\n\n\n\n<p>Consultado\nsobre si, tras las elecciones primarias y la escalada del d\u00f3lar, el pa\u00eds se encontraba\natravesando un problema econ\u00f3mico o pol\u00edtico, conceptu\u00f3 que \u00absin dudas, lo\nque maneja la econom\u00eda es la pol\u00edtica\u00bb, apuntando que \u00ablo que ha\nhabido ac\u00e1 es una sucesi\u00f3n de decisiones pol\u00edticas que nos han llevado a esta\nsituaci\u00f3n econ\u00f3mica porque haber liberado las fronteras para que entren\nproductos del exterior y el tipo de cambio son todas decisiones pol\u00edticas que\nhoy generaron estos problemas\u00bb.<\/p>\n\n\n\n<p>A\nsu vez, marc\u00f3 que \u00abtambi\u00e9n hay un tema de confianza\u00bb, explicando que\n\u00abse trata de un factor fundamental y hay un Gobierno Nacional que a partir\ndel domingo pasado ha tenido una demostraci\u00f3n muy clara de la falta de\nconfianza del pueblo argentino\u00bb, tras lo que \u00abnaturalmente, los\nmercados se hicieron sentir y comenzaron a demandar m\u00e1s d\u00f3lares, lo cual es un\nfactor muy claro de que no se conf\u00eda en la pol\u00edtica econ\u00f3mica de este Gobierno\nNacional\u00bb.<\/p>\n\n\n\n<p>\u00abCuando\nla gente se inclina por el d\u00f3lar, esto es un problema de oferta y demanda\n-argument\u00f3-. Cuando aumenta la demanda de cualquier producto sube su precio y\ncomo la gente no conf\u00eda en las medidas que se toman desde la Naci\u00f3n sale a\ncomprar d\u00f3lares. Para sostener eso, lo que hay que hacer es subir las tasas de\ninter\u00e9s para incentivar a que la gente ponga sus pesos en el banco, en un plazo\nfijo, inter\u00e9s o compre Leliqs y no salga a comprar d\u00f3lares\u00bb.<\/p>\n\n\n\n<p>A\nsu entender, se trata de \u00abun c\u00edrculo vicioso por donde se lo mire\u00bb,\nmarcando que \u00absi suben las tasas de inter\u00e9s para incentivar a que la gente\nla ponga en el banco, tambi\u00e9n suben las tasas de inter\u00e9s para el que va por la\notra ventanilla a pedir un cr\u00e9dito para hacer una inversi\u00f3n o el que tiene que\npagar la tarjeta de cr\u00e9dito\u00bb.<\/p>\n\n\n\n<p><strong>Dilapidando\nreservas<\/strong><\/p>\n\n\n\n<p>Cuando\nse le hizo notar que parecieran in\u00fatiles los esfuerzos del Banco Central para\nintentar frenar la estampida de la moneda norteamericana, Fern\u00e1ndez Patri\nconden\u00f3 que \u00abse est\u00e1n dilapidando los d\u00f3lares de las reservas en acciones\nque nada tienen que ver con la producci\u00f3n o la generaci\u00f3n de empleo, ya que si\nuno tomara deuda y la misma va a parar a la obra p\u00fablica o a la inversi\u00f3n\nentonces vale la pena, pero cuando se toma deuda para gastos corrientes o para\ntratar de contener al d\u00f3lar es donde hemos entrado en un problema\ncomplicado\u00bb.<\/p>\n\n\n\n<p>\u00abEl\nGobierno Nacional, con los resultados del domingo, toma decisiones que son un\nparche, una d\u00e1diva por dos meses, que no alcanzan para que la gente y los\ntrabajadores recuperen su poder adquisitivo\u00bb, reproch\u00f3 el legislador, ya\nque \u00abesos $2000 o $5000 que les van a dar se los carcome la inflaci\u00f3n,\nentonces no es que van a tener una mejor calidad de vida, y aparte es s\u00f3lo por\ndos meses\u00bb.<\/p>\n\n\n\n<p>Critic\u00f3\ntambi\u00e9n \u00ablas idas y venidas con el tema de las naftas, donde primero\nparec\u00eda que congelaban el precio, despu\u00e9s que no y ahora parece que s\u00ed\u00bb,\nhaciendo notar que \u00aben esta complicada situaci\u00f3n un Gobierno no puede\ntener esa debilidad y es lo que claramente est\u00e1 demostrando. Estamos muy\npreocupados todos en el arco pol\u00edtico porque necesitamos que este Gobierno\nllegue al 10 de diciembre, ya que nadie gana con que se vaya antes\u00bb.<\/p>\n\n\n\n<p>\u00abNecesitamos\nsostenerlo de la mejor manera posible, pero tampoco podemos ser c\u00f3mplices de\neste tipo de medidas que las toma y despu\u00e9s no llaman al di\u00e1logo. \u00bfPor qu\u00e9 no\nllaman antes? Porque necesitamos consensuar medidas que realmente tengan un\nimpacto social y econ\u00f3mico. Y ah\u00ed es donde nos encontramos con un problema\npol\u00edtico\u00bb, sentenci\u00f3, categ\u00f3rico<\/p>\n","protected":false},"excerpt":{"rendered":"<p>Para el diputado nacional de Formosa Ramiro Fern\u00e1ndez Patri, el Gobierno Nacional de Mauricio Macri, luego de la contundente derrota en las PASO, toma decisiones que son parches, una d\u00e1diva por dos meses, que no alcanzan para que la gente y los trabajadores recuperen su poder adquisitivo\u00bb. Sus declaraciones fueron hechas este viernes por la [&hellip;]<\/p>\n","protected":false},"author":11,"featured_media":38687,"comment_status":"open","ping_status":"open","sticky":false,"template":"","format":"standard","meta":{"footnotes":""},"categories":[6],"tags":[],"class_list":["post-38685","post","type-post","status-publish","format-standard","has-post-thumbnail","hentry","category-nacionales"],"_links":{"self":[{"href":"http:\/\/informeformosa.com.ar\/index.php?rest_route=\/wp\/v2\/posts\/38685","targetHints":{"allow":["GET"]}}],"collection":[{"href":"http:\/\/informeformosa.com.ar\/index.php?rest_route=\/wp\/v2\/posts"}],"about":[{"href":"http:\/\/informeformosa.com.ar\/index.php?rest_route=\/wp\/v2\/types\/post"}],"author":[{"embeddable":true,"href":"http:\/\/informeformosa.com.ar\/index.php?rest_route=\/wp\/v2\/users\/11"}],"replies":[{"embeddable":true,"href":"http:\/\/informeformosa.com.ar\/index.php?rest_route=%2Fwp%2Fv2%2Fcomments&post=38685"}],"version-history":[{"count":1,"href":"http:\/\/informeformosa.com.ar\/index.php?rest_route=\/wp\/v2\/posts\/38685\/revisions"}],"predecessor-version":[{"id":38688,"href":"http:\/\/informeformosa.com.ar\/index.php?rest_route=\/wp\/v2\/posts\/38685\/revisions\/38688"}],"wp:featuredmedia":[{"embeddable":true,"href":"http:\/\/informeformosa.com.ar\/index.php?rest_route=\/wp\/v2\/media\/38687"}],"wp:attachment":[{"href":"http:\/\/informeformosa.com.ar\/index.php?rest_route=%2Fwp%2Fv2%2Fmedia&parent=38685"}],"wp:term":[{"taxonomy":"category","embeddable":true,"href":"http:\/\/informeformosa.com.ar\/index.php?rest_route=%2Fwp%2Fv2%2Fcategories&post=38685"},{"taxonomy":"post_tag","embeddable":true,"href":"http:\/\/informeformosa.com.ar\/index.php?rest_route=%2Fwp%2Fv2%2Ftags&post=38685"}],"curies":[{"name":"wp","href":"https:\/\/api.w.org\/{rel}","templated":true}]}}