{"id":38670,"date":"2019-08-16T21:11:52","date_gmt":"2019-08-17T00:11:52","guid":{"rendered":"http:\/\/informeformosa.com.ar\/?p=38670"},"modified":"2019-08-16T21:11:55","modified_gmt":"2019-08-17T00:11:55","slug":"decima-presento-el-programa-picos-contra-la-obesidad-y-el-sobrepeso-infantil","status":"publish","type":"post","link":"http:\/\/informeformosa.com.ar\/?p=38670","title":{"rendered":"D\u00e9cima present\u00f3 el programa PICOS, contra la obesidad y el sobrepeso infantil"},"content":{"rendered":"\n<p>Este\nviernes a media ma\u00f1ana, el ministro de Desarrollo Humano, Jos\u00e9 Luis D\u00e9cima encabez\u00f3\nel lanzamiento de \u00abPICOS\u201d, Programa Integral contra la obesidad y\nSobrepeso Infantil. <\/p>\n\n\n\n<p>Al\nrespecto, la Dra. Viviana Guzm\u00e1n, directora del hospital de D\u00eda 2 de Abril,\ncont\u00f3 que el programa surgi\u00f3 de la necesidad de dar respuestas a los padres que\nconsultaban por problemas de peso de sus hijos, y que en los consultorios de\npediatr\u00eda y nutrici\u00f3n hemos notado un gran aumento en estos \u00faltimos tiempos.<\/p>\n\n\n\n<p>\u00abEn\nnuestro hospital, actualmente, tenemos 60 ni\u00f1os con estas patolog\u00edas; teniendo\nen cuenta que la OMS y la OPS alerta sobre esta pandemia en el mundo, con\nmillones de ni\u00f1os menores de 5 a\u00f1os con esta afecci\u00f3n, nosotros como sistema de\nsalud p\u00fablico debemos dar una respuesta, trabajando siempre desde la prevenci\u00f3n\ny promoci\u00f3n de la salud\u00bb, asegur\u00f3 .<\/p>\n\n\n\n<p>Se\u00f1al\u00f3\nque es com\u00fan que muchos padres crean que sus hijos est\u00e1n sanos porque est\u00e1n\n\u00abgorditos\u00bb pero nada m\u00e1s lejos de la realidad. \u00abMuchos de estos\nni\u00f1os llevan una vida sedentaria, pasan muchas horas delante de la computadora,\ncon el celular o mirando televisi\u00f3n, sin realizar ninguna actividad f\u00edsica\ndurante el d\u00eda o la semana\u00bb, indic\u00f3.<\/p>\n\n\n\n<p>Tambi\u00e9n,\nhabl\u00f3 de la grave crisis econ\u00f3mica que est\u00e1 atravesando el pa\u00eds muchos padres\nno llegan a adherirse al plan que proponen las nutricionistas, lo cual es otro\nimpedimento para que estos ni\u00f1os puedan llevar una alimentaci\u00f3n m\u00e1s saludable.<\/p>\n\n\n\n<p>Por\ntodo esto y otros motivos que se suman, cont\u00f3 que surgi\u00f3 la iniciativa de crear\nese programa con un equipo multidisciplinario y as\u00ed poder realizar adecuadamente\nun control mucho m\u00e1s estricto para llevar a estas familias tranquilidad,\neducaci\u00f3n y a los ni\u00f1os calidad de vida porque sabemos que si a estos ni\u00f1os, a\nlargo plazo, contin\u00faan con esta situaci\u00f3n, obviamente van a tener a edad\ntemprana enfermedades cardiovasculares, diabetes, etc.<\/p>\n\n\n\n<p>\u00abTenemos\nel apoyo del ministro y eso nos reivindica. Nuestro objetivo es mejorar la\ncalidad de vida del ni\u00f1o, no solo educ\u00e1ndolo a \u00e9l sino tambi\u00e9n a la familia, y\npara eso contamos con un equipo interdisciplinario de: pediatras, cl\u00ednicos,\nnutricionistas, psic\u00f3logos, odont\u00f3logos, asistentes sociales, kinesi\u00f3logos,\nenfermer\u00eda, especialistas en diabetes, bioqu\u00edmicos, cardi\u00f3logos\u00bb detall\u00f3. <\/p>\n\n\n\n<p><strong>Educaci\u00f3n<\/strong> <\/p>\n\n\n\n<p>La\neducaci\u00f3n va a ser en una modalidad de charla taller que se va a realizar por\nel momento, una vez por semana, con espacios diferentes para los adultos y\nni\u00f1os. Los m\u00e1s peque\u00f1os van a realizar actividades f\u00edsicas y van a aprender\nsobre la alimentaci\u00f3n saludable jugando.<\/p>\n\n\n\n<p>En\ncambio los adultos van a participar de estas charlas taller tomando conciencia\nsobre la importancia de cambiar los h\u00e1bitos alimenticios en la casa, ya que\ntenemos que tener en cuenta que el adulto es el promotor en el hogar de que\nestas acciones puedan llegar a un \u00e9xito o no, y nosotros como equipo de salud\nevaluar los resultados.<\/p>\n\n\n\n<p>A\nlas familias interesadas se las invita a acercarse al hospital, donde podr\u00e1n\nrecibir toda la informaci\u00f3n necesaria sobre este programa<\/p>\n\n\n\n<p>\u00abTodas\nestas acciones que buscan mejorar la calidad de vida de nuestra poblaci\u00f3n no\nser\u00edan posible sin el apoyo constante de nuestro ministro, el Dr. Jos\u00e9 Luis\nD\u00e9cima, que es quien nos motiva permanentemente para seguir trabajando, a pesar\nde los palos en la rueda que a veces tenemos impuestas por el gobierno\nNacional\u00bb, concluy\u00f3. <\/p>\n","protected":false},"excerpt":{"rendered":"<p>Este viernes a media ma\u00f1ana, el ministro de Desarrollo Humano, Jos\u00e9 Luis D\u00e9cima encabez\u00f3 el lanzamiento de \u00abPICOS\u201d, Programa Integral contra la obesidad y Sobrepeso Infantil. Al respecto, la Dra. Viviana Guzm\u00e1n, directora del hospital de D\u00eda 2 de Abril, cont\u00f3 que el programa surgi\u00f3 de la necesidad de dar respuestas a los padres que [&hellip;]<\/p>\n","protected":false},"author":11,"featured_media":38680,"comment_status":"open","ping_status":"open","sticky":false,"template":"","format":"standard","meta":{"footnotes":""},"categories":[12],"tags":[],"class_list":["post-38670","post","type-post","status-publish","format-standard","has-post-thumbnail","hentry","category-salud"],"_links":{"self":[{"href":"http:\/\/informeformosa.com.ar\/index.php?rest_route=\/wp\/v2\/posts\/38670","targetHints":{"allow":["GET"]}}],"collection":[{"href":"http:\/\/informeformosa.com.ar\/index.php?rest_route=\/wp\/v2\/posts"}],"about":[{"href":"http:\/\/informeformosa.com.ar\/index.php?rest_route=\/wp\/v2\/types\/post"}],"author":[{"embeddable":true,"href":"http:\/\/informeformosa.com.ar\/index.php?rest_route=\/wp\/v2\/users\/11"}],"replies":[{"embeddable":true,"href":"http:\/\/informeformosa.com.ar\/index.php?rest_route=%2Fwp%2Fv2%2Fcomments&post=38670"}],"version-history":[{"count":1,"href":"http:\/\/informeformosa.com.ar\/index.php?rest_route=\/wp\/v2\/posts\/38670\/revisions"}],"predecessor-version":[{"id":38683,"href":"http:\/\/informeformosa.com.ar\/index.php?rest_route=\/wp\/v2\/posts\/38670\/revisions\/38683"}],"wp:featuredmedia":[{"embeddable":true,"href":"http:\/\/informeformosa.com.ar\/index.php?rest_route=\/wp\/v2\/media\/38680"}],"wp:attachment":[{"href":"http:\/\/informeformosa.com.ar\/index.php?rest_route=%2Fwp%2Fv2%2Fmedia&parent=38670"}],"wp:term":[{"taxonomy":"category","embeddable":true,"href":"http:\/\/informeformosa.com.ar\/index.php?rest_route=%2Fwp%2Fv2%2Fcategories&post=38670"},{"taxonomy":"post_tag","embeddable":true,"href":"http:\/\/informeformosa.com.ar\/index.php?rest_route=%2Fwp%2Fv2%2Ftags&post=38670"}],"curies":[{"name":"wp","href":"https:\/\/api.w.org\/{rel}","templated":true}]}}