{"id":38668,"date":"2019-08-16T20:11:31","date_gmt":"2019-08-16T23:11:31","guid":{"rendered":"http:\/\/informeformosa.com.ar\/?p=38668"},"modified":"2019-08-16T20:11:34","modified_gmt":"2019-08-16T23:11:34","slug":"apertura-de-residencias-odontologicas-dimensiona-el-logro-historico-de-formosa-en-materia-de-salud","status":"publish","type":"post","link":"http:\/\/informeformosa.com.ar\/?p=38668","title":{"rendered":"Apertura de residencias odontol\u00f3gicas dimensiona el logro hist\u00f3rico de Formosa en materia de salud"},"content":{"rendered":"\n<p>El\nsal\u00f3n auditorio del Hospital Odontol\u00f3gico de Complejidad Integrada, albergo la apertura\na las residencias odontol\u00f3gicas en las especialidades de odontolog\u00eda general,\nendodoncia, cirug\u00eda maxilofacial, ortopedia-ortodoncia y odontopediatr\u00eda. Desde\nla cartera Sanitaria local resaltaron que este hecho posiciona a la provincia\nde Formosa como \u201cpionera&nbsp; en&nbsp; la regi\u00f3n\u201d, en la formaci\u00f3n de Recurso Humano\nen Odontolog\u00eda con alta capacitaci\u00f3n cient\u00edfico-t\u00e9cnica y constituye un\nacontecimiento hist\u00f3rico en el desarrollo acad\u00e9mico y social del Nordeste\nArgentino.<\/p>\n\n\n\n<p>La\nresidencia es un sistema de formaci\u00f3n de posgrado. Se caracteriza por ofrecer oportunidades\nde pr\u00e1ctica intensiva y supervisada en \u00e1mbitos asistenciales, abarca contenidos\npr\u00e1cticos y te\u00f3ricos, entre los que se distinguen aspectos comunes a los\ndistintos campos profesionales y otros propios de cada especialidad. <\/p>\n\n\n\n<p>En\nla apertura el ministro de Desarrollo Humano, Jos\u00e9 Luis D\u00e9cima habl\u00f3 el valor\nde las residencia en odontolog\u00eda. \u201cEsto que est\u00e1 pasando aqu\u00ed es una deuda que\nten\u00edamos los formose\u00f1os con los odont\u00f3logos en general. Una deuda, que si bien\nellos traen una preparaci\u00f3n, necesitan hacerse de experiencia para poder\nenfrentar realidades y no enfrentarse con dificultades que se les hiciera muy\ndif\u00edcil de llevar\u201d, explic\u00f3. <\/p>\n\n\n\n<p><strong>Calidad de\natenci\u00f3n<\/strong><\/p>\n\n\n\n<p>En\nrelaci\u00f3n a las oportunidades y a la calidad de las atenciones, el ministro dio\nun sentido mensaje a los flamantes incorporados: \u201cvalorando el esfuerzo de la\nProvincia, pero sobre todo, la decisi\u00f3n de hacer posible las residencias. \u201cTodo\nesto es fruto de una organizaci\u00f3n democr\u00e1tica que nosotros tenemos, fruto de\nuna larga trayectoria y esfuerzo enorme del gobernador de ponerse al frente de\nla administraci\u00f3n del Estado para lograr estos objetivos, objetivos que nos\nenorgullecen y nos posicionan como una de las mejores red de salud p\u00fablica de\nla Rep\u00fablica Argentina\u201d.<\/p>\n\n\n\n<p>La\nResidencia Odontol\u00f3gica ha sido uno de los sue\u00f1os m\u00e1s anhelados por la familia\nodontol\u00f3gica y hoy mediante el apoyo incondicional del gobernador Gildo Insfr\u00e1n,\n\u201cpodemos concretar este anhelo de contar con cinco Residencias Odontol\u00f3gicas\u201d,\ncerr\u00f3.<\/p>\n\n\n\n<p><strong>Egresantes <\/strong><\/p>\n\n\n\n<p>La\nOdontolog\u00eda Formose\u00f1a se visti\u00f3 de orgullo para celebrar el egreso de la\nTercera cohorte de 6 Residentes en Odontolog\u00eda General, y una egresante de la\n1\u00b0 cohorte de Fellow en Cirug\u00eda Bucomaxilofacial. A cada uno de ellos tambi\u00e9n\nse les hizo entrega de certificados. <\/p>\n\n\n\n<p>Durante\nel acto se dio a conocer que la Dra. Dora Giselle Mart\u00ednez finaliz\u00f3 con el\ncargo de Jefa de Residentes en Odontolog\u00eda General periodo 2018 \u2013 2019, y que a\npartir de ahora el nuevo Jefe de Residentes para periodo 2019-2020 es el Dr.\nH\u00e9ctor Fabricio G\u00f3mez Maffei, en la especialidad de Odontolog\u00eda General. <\/p>\n\n\n\n<p>Entre\nlos egresados de la 3\u00b0 cohorte de Residentes en Odontolog\u00eda General 2016 se\nmencion\u00f3 a Leandro Ezequiel Aguirre; H\u00e9ctor Fabricio G\u00f3mez Maffei; Mar\u00eda Silvia\nR\u00edos; Mar\u00eda Andrea Paniagua y&nbsp; Solange\nLorena Serv\u00edn.<\/p>\n\n\n\n<p>Como egresada en Fellow de Cirugia\nBucomaxilofacial se distingui\u00f3 a Selva Beatriz Saporiti.<\/p>\n","protected":false},"excerpt":{"rendered":"<p>El sal\u00f3n auditorio del Hospital Odontol\u00f3gico de Complejidad Integrada, albergo la apertura a las residencias odontol\u00f3gicas en las especialidades de odontolog\u00eda general, endodoncia, cirug\u00eda maxilofacial, ortopedia-ortodoncia y odontopediatr\u00eda. Desde la cartera Sanitaria local resaltaron que este hecho posiciona a la provincia de Formosa como \u201cpionera&nbsp; en&nbsp; la regi\u00f3n\u201d, en la formaci\u00f3n de Recurso Humano en [&hellip;]<\/p>\n","protected":false},"author":11,"featured_media":38678,"comment_status":"open","ping_status":"open","sticky":false,"template":"","format":"standard","meta":{"footnotes":""},"categories":[4],"tags":[],"class_list":["post-38668","post","type-post","status-publish","format-standard","has-post-thumbnail","hentry","category-educacion"],"_links":{"self":[{"href":"http:\/\/informeformosa.com.ar\/index.php?rest_route=\/wp\/v2\/posts\/38668","targetHints":{"allow":["GET"]}}],"collection":[{"href":"http:\/\/informeformosa.com.ar\/index.php?rest_route=\/wp\/v2\/posts"}],"about":[{"href":"http:\/\/informeformosa.com.ar\/index.php?rest_route=\/wp\/v2\/types\/post"}],"author":[{"embeddable":true,"href":"http:\/\/informeformosa.com.ar\/index.php?rest_route=\/wp\/v2\/users\/11"}],"replies":[{"embeddable":true,"href":"http:\/\/informeformosa.com.ar\/index.php?rest_route=%2Fwp%2Fv2%2Fcomments&post=38668"}],"version-history":[{"count":1,"href":"http:\/\/informeformosa.com.ar\/index.php?rest_route=\/wp\/v2\/posts\/38668\/revisions"}],"predecessor-version":[{"id":38679,"href":"http:\/\/informeformosa.com.ar\/index.php?rest_route=\/wp\/v2\/posts\/38668\/revisions\/38679"}],"wp:featuredmedia":[{"embeddable":true,"href":"http:\/\/informeformosa.com.ar\/index.php?rest_route=\/wp\/v2\/media\/38678"}],"wp:attachment":[{"href":"http:\/\/informeformosa.com.ar\/index.php?rest_route=%2Fwp%2Fv2%2Fmedia&parent=38668"}],"wp:term":[{"taxonomy":"category","embeddable":true,"href":"http:\/\/informeformosa.com.ar\/index.php?rest_route=%2Fwp%2Fv2%2Fcategories&post=38668"},{"taxonomy":"post_tag","embeddable":true,"href":"http:\/\/informeformosa.com.ar\/index.php?rest_route=%2Fwp%2Fv2%2Ftags&post=38668"}],"curies":[{"name":"wp","href":"https:\/\/api.w.org\/{rel}","templated":true}]}}