{"id":38657,"date":"2019-08-14T20:11:47","date_gmt":"2019-08-14T23:11:47","guid":{"rendered":"http:\/\/informeformosa.com.ar\/?p=38657"},"modified":"2019-08-14T20:11:50","modified_gmt":"2019-08-14T23:11:50","slug":"herradura-preparan-para-septiembre-la-pesca-de-la-pirana","status":"publish","type":"post","link":"http:\/\/informeformosa.com.ar\/?p=38657","title":{"rendered":"Herradura: preparan para septiembre la Pesca de la Pira\u00f1a"},"content":{"rendered":"\n<p>El\nintendente de Herradura, Juan Carlos G\u00f3mez, anticip\u00f3 que entre los d\u00edas 13, 14\ny 15 de septiembre, se llevara a cabo la 11\u00b0 edici\u00f3n de la Pesca Provincial de\nla Pira\u00f1a.<\/p>\n\n\n\n<p>Junto\na esferas como Turismo, Cultura, entre otros estamentos del estado provincial y\nPrefectura Naval, la comuna herradurense comenz\u00f3 a delinear todos los aspectos\nque hacen&nbsp; a esta fiesta que se est\u00e1\narraigando en el calendario local y regional. Todo lo referente al con curso de\npesca en s\u00ed, programa de espect\u00e1culos y seguridad en general.<\/p>\n\n\n\n<p>Dos\nd\u00edas \u2013viernes 13 y s\u00e1bado 14- de festivales en la plaza Unidad Nacional, en\ntanto que la jornada sabatina se llevara a cabo la pesca de embarcada a remo y el\ncierre ser\u00e1 el domingo 15 con la modalidad de pesca de embarcada a motor y el\ncierre final con un gran almuerzo de premiaci\u00f3n a los mejores,<\/p>\n\n\n\n<p>\u201cCon\nlos camping ya recuperados, somos optimistas en recibir a muchos visitantes,\npara lo cual podemos organizar esta nueva edici\u00f3n &nbsp;merced al respaldo del Gobierno provincial. \u201cA\ntrav\u00e9s del deporte se viene gestando lo cultural y art\u00edstico, tendremos 2\nnoches de show, con artistas de Herradura y Formosa, ser\u00e1 muy atractivo. Se\nest\u00e1 dise\u00f1ando la actividad gastron\u00f3mica y artesanal, en el boulevard principal\nde nuestra localidad\u201d.<\/p>\n\n\n\n<p>G\u00f3mez\ndestac\u00f3 que \u201cHerradura creci\u00f3 mucho, con construcci\u00f3n de caba\u00f1as y bungalows,\ncon m\u00e1s camas disponibles, ofertas gastron\u00f3micas y propuestas como esta Pesca\nde la Pira\u00f1a que ya comienza a proponerse adquiera el car\u00e1cter nacional\u201d<\/p>\n","protected":false},"excerpt":{"rendered":"<p>El intendente de Herradura, Juan Carlos G\u00f3mez, anticip\u00f3 que entre los d\u00edas 13, 14 y 15 de septiembre, se llevara a cabo la 11\u00b0 edici\u00f3n de la Pesca Provincial de la Pira\u00f1a. Junto a esferas como Turismo, Cultura, entre otros estamentos del estado provincial y Prefectura Naval, la comuna herradurense comenz\u00f3 a delinear todos los [&hellip;]<\/p>\n","protected":false},"author":11,"featured_media":38665,"comment_status":"open","ping_status":"open","sticky":false,"template":"","format":"standard","meta":{"footnotes":""},"categories":[19],"tags":[],"class_list":["post-38657","post","type-post","status-publish","format-standard","has-post-thumbnail","hentry","category-turismo"],"_links":{"self":[{"href":"http:\/\/informeformosa.com.ar\/index.php?rest_route=\/wp\/v2\/posts\/38657","targetHints":{"allow":["GET"]}}],"collection":[{"href":"http:\/\/informeformosa.com.ar\/index.php?rest_route=\/wp\/v2\/posts"}],"about":[{"href":"http:\/\/informeformosa.com.ar\/index.php?rest_route=\/wp\/v2\/types\/post"}],"author":[{"embeddable":true,"href":"http:\/\/informeformosa.com.ar\/index.php?rest_route=\/wp\/v2\/users\/11"}],"replies":[{"embeddable":true,"href":"http:\/\/informeformosa.com.ar\/index.php?rest_route=%2Fwp%2Fv2%2Fcomments&post=38657"}],"version-history":[{"count":1,"href":"http:\/\/informeformosa.com.ar\/index.php?rest_route=\/wp\/v2\/posts\/38657\/revisions"}],"predecessor-version":[{"id":38666,"href":"http:\/\/informeformosa.com.ar\/index.php?rest_route=\/wp\/v2\/posts\/38657\/revisions\/38666"}],"wp:featuredmedia":[{"embeddable":true,"href":"http:\/\/informeformosa.com.ar\/index.php?rest_route=\/wp\/v2\/media\/38665"}],"wp:attachment":[{"href":"http:\/\/informeformosa.com.ar\/index.php?rest_route=%2Fwp%2Fv2%2Fmedia&parent=38657"}],"wp:term":[{"taxonomy":"category","embeddable":true,"href":"http:\/\/informeformosa.com.ar\/index.php?rest_route=%2Fwp%2Fv2%2Fcategories&post=38657"},{"taxonomy":"post_tag","embeddable":true,"href":"http:\/\/informeformosa.com.ar\/index.php?rest_route=%2Fwp%2Fv2%2Ftags&post=38657"}],"curies":[{"name":"wp","href":"https:\/\/api.w.org\/{rel}","templated":true}]}}