{"id":38642,"date":"2019-08-14T20:03:02","date_gmt":"2019-08-14T23:03:02","guid":{"rendered":"http:\/\/informeformosa.com.ar\/?p=38642"},"modified":"2019-08-14T20:03:05","modified_gmt":"2019-08-14T23:03:05","slug":"ensenan-a-jardineritos-a-cuidar-la-salud-bucal","status":"publish","type":"post","link":"http:\/\/informeformosa.com.ar\/?p=38642","title":{"rendered":"Ense\u00f1an a jardineritos a cuidar la salud bucal"},"content":{"rendered":"\n<p>Ni\u00f1os que asisten al Jard\u00edn de Infantes -JIN 14-&nbsp; de Villa\nGeneral Belgrano, participaron de una charla educativa sobre los cuidados\nnecesarios que&nbsp; contribuyen a tener una boca y dientes saludables, llevada\nadelante por el equipo del servicio de odontolog\u00eda del hospital de la citada\nlocalidad.<\/p>\n\n\n\n<p>El encuentro estuvo a cargo de odont\u00f3logos y asistentes dentales\ndel efector sanitario y fue destinado a brindar a los jardineritos la\ninformaci\u00f3n necesaria para cuidar la salud bucodental, entendida como parte\nfundamental de la salud integral.&nbsp;<\/p>\n\n\n\n<p>Se dieron a conocer las medidas fundamentales que deben ponerse en\npr\u00e1ctica para lograr una buena salud bucal, destacando principalmente el\ncepillado correcto \u201cc\u00f3mo debe hacerse paso a paso, cu\u00e1ndo y cu\u00e1ntas veces al\nd\u00eda\u201d, explicaron los organizadores.<\/p>\n\n\n\n<p>\u201cLos chicos aprenden de los adultos, repiten lo que nosotros\nhacemos\u201d, recalcaron los profesionales a los padres y docentes presentes,\ninsistiendo que es fundamental \u201cacompa\u00f1arlos en los momentos del d\u00eda en que es\nnecesario cepillarse. Hacerlo juntos, como un h\u00e1bito no solo del ni\u00f1o sino de\ntoda la familia, va dar los mejores resultados en la salud bucal de todos\u201d.<\/p>\n\n\n\n<p>Con la ayuda de mu\u00f1ecos, se demostr\u00f3 en detalle la manera correcta\nde cepillarse. \u201cEllos mismos siguieron atentos las instrucciones y fueron\nhaciendo el cepillado sobre los mu\u00f1ecos. Y les entregamos kits de crema dental\ny cepillos para que lleven a sus casas\u201d.<\/p>\n\n\n\n<p>Asimismo, recomendaron otros cuidados simult\u00e1neos al cepillado.\nPor ejemplo: la visita peri\u00f3dica al odont\u00f3logo \u201cal menos dos veces al a\u00f1o, es\ndecir como m\u00ednimo cada 6 meses, m\u00e1s los respectivos controles y estudios para\ndetectar tempranamente cualquier trastorno y pueda tratarse a tiempo\u201d.<\/p>\n\n\n\n<p>Igualmente mencionaron la importancia de consumir diariamente\nalimentos sanos, rico en nutrientes que por un lado \u201cfortalezcan el crecimiento\nde las piezas dentarias\u201d y por otro \u201cque eviten el desarrollo de caries y otras\npatolog\u00edas bucodentales\u201d.<\/p>\n\n\n\n<p>\u201cLos cuidados necesarios son muy simples de cumplir. Los adultos\ndebemos ser responsables y constantes para que los ni\u00f1os repliquen estas\nconductas saludables. Si comemos sano, ellos tambi\u00e9n lo van a hacer y si nos\nven cepillarnos los dientes y les explicamos por qu\u00e9 es importante hacerlo,\ntambi\u00e9n lo van a hacer. Del mismo modo que si vamos al dentista y les ense\u00f1amos\na no tener miedo, van a ir con confianza y sin temor\u201d.<\/p>\n","protected":false},"excerpt":{"rendered":"<p>Ni\u00f1os que asisten al Jard\u00edn de Infantes -JIN 14-&nbsp; de Villa General Belgrano, participaron de una charla educativa sobre los cuidados necesarios que&nbsp; contribuyen a tener una boca y dientes saludables, llevada adelante por el equipo del servicio de odontolog\u00eda del hospital de la citada localidad. El encuentro estuvo a cargo de odont\u00f3logos y asistentes [&hellip;]<\/p>\n","protected":false},"author":11,"featured_media":38651,"comment_status":"open","ping_status":"open","sticky":false,"template":"","format":"standard","meta":{"footnotes":""},"categories":[12],"tags":[],"class_list":["post-38642","post","type-post","status-publish","format-standard","has-post-thumbnail","hentry","category-salud"],"_links":{"self":[{"href":"http:\/\/informeformosa.com.ar\/index.php?rest_route=\/wp\/v2\/posts\/38642","targetHints":{"allow":["GET"]}}],"collection":[{"href":"http:\/\/informeformosa.com.ar\/index.php?rest_route=\/wp\/v2\/posts"}],"about":[{"href":"http:\/\/informeformosa.com.ar\/index.php?rest_route=\/wp\/v2\/types\/post"}],"author":[{"embeddable":true,"href":"http:\/\/informeformosa.com.ar\/index.php?rest_route=\/wp\/v2\/users\/11"}],"replies":[{"embeddable":true,"href":"http:\/\/informeformosa.com.ar\/index.php?rest_route=%2Fwp%2Fv2%2Fcomments&post=38642"}],"version-history":[{"count":1,"href":"http:\/\/informeformosa.com.ar\/index.php?rest_route=\/wp\/v2\/posts\/38642\/revisions"}],"predecessor-version":[{"id":38652,"href":"http:\/\/informeformosa.com.ar\/index.php?rest_route=\/wp\/v2\/posts\/38642\/revisions\/38652"}],"wp:featuredmedia":[{"embeddable":true,"href":"http:\/\/informeformosa.com.ar\/index.php?rest_route=\/wp\/v2\/media\/38651"}],"wp:attachment":[{"href":"http:\/\/informeformosa.com.ar\/index.php?rest_route=%2Fwp%2Fv2%2Fmedia&parent=38642"}],"wp:term":[{"taxonomy":"category","embeddable":true,"href":"http:\/\/informeformosa.com.ar\/index.php?rest_route=%2Fwp%2Fv2%2Fcategories&post=38642"},{"taxonomy":"post_tag","embeddable":true,"href":"http:\/\/informeformosa.com.ar\/index.php?rest_route=%2Fwp%2Fv2%2Ftags&post=38642"}],"curies":[{"name":"wp","href":"https:\/\/api.w.org\/{rel}","templated":true}]}}