{"id":38641,"date":"2019-08-14T20:04:27","date_gmt":"2019-08-14T23:04:27","guid":{"rendered":"http:\/\/informeformosa.com.ar\/?p=38641"},"modified":"2019-08-14T20:04:30","modified_gmt":"2019-08-14T23:04:30","slug":"insfran-presidira-evocacion-a-san-martin-2","status":"publish","type":"post","link":"http:\/\/informeformosa.com.ar\/?p=38641","title":{"rendered":"Insfr\u00e1n presidir\u00e1 evocaci\u00f3n  a San Mart\u00edn"},"content":{"rendered":"\n<p>El gobernador Gildo Insfr\u00e1n presidir\u00e1 este s\u00e1bado 17 la ceremonia\nconmemorativa del 169\u00b0 aniversario del fallecimiento del&nbsp; Padre de la Patria,&nbsp; General&nbsp;&nbsp;\nJos\u00e9 Francisco de&nbsp; San Mart\u00edn que se\nllevar\u00e1 a cabo en la plaza hom\u00f3nima de nuestra ciudad.<\/p>\n\n\n\n<p>Seg\u00fan el programa previsto, para las&nbsp;\n9 se anticipa la llegada de delegaciones escolares, de las fuerzas\narmadas, de seguridad, policial y vecinos en general en el sector de la&nbsp; plaza San Mart\u00edn frente a calle Fontana, donde\nminutos despu\u00e9s ir\u00e1n arribando las autoridades e invitados especiales<\/p>\n\n\n\n<p>El arribo del gobernador Gildo Insfran est\u00e1 previsto para las 9,30\nhoras, tras lo cual se dar\u00e1 por iniciado el acto, con la entonaci\u00f3n de los himnos\nNacional y Marcha a Formosa. Seguidamente un escolar recitara una poes\u00eda alusiva\na la fecha, dando paso a la tradicional ceremonia de dep\u00f3sitos de ofrendas\nflorales al pie del monumento que recuerda a San Mart\u00edn, y un minuto de\nsilencio en su honor.<\/p>\n\n\n\n<p>Se aguarda adem\u00e1s el mensaje evocativo al Padre de la Patria a cargo de\nun funcionario del gobierno provincial, para finalizar con un pasaje de\ndesfile.<\/p>\n\n\n\n<p>Este mi\u00e9rcoles a media ma\u00f1ana la subsecretaria de educaci\u00f3n, Analia\nHeizenreder junto a personal de Ceremonial del PE y representantes de fuerzas\npoliciales y de seguridad, se reunieron en el sitio donde se desarrollara la\nceremonia coordinando los detalles organizativos finales.<\/p>\n","protected":false},"excerpt":{"rendered":"<p>El gobernador Gildo Insfr\u00e1n presidir\u00e1 este s\u00e1bado 17 la ceremonia conmemorativa del 169\u00b0 aniversario del fallecimiento del&nbsp; Padre de la Patria,&nbsp; General&nbsp;&nbsp; Jos\u00e9 Francisco de&nbsp; San Mart\u00edn que se llevar\u00e1 a cabo en la plaza hom\u00f3nima de nuestra ciudad. Seg\u00fan el programa previsto, para las&nbsp; 9 se anticipa la llegada de delegaciones escolares, de las [&hellip;]<\/p>\n","protected":false},"author":11,"featured_media":38653,"comment_status":"open","ping_status":"open","sticky":false,"template":"","format":"standard","meta":{"footnotes":""},"categories":[2],"tags":[],"class_list":["post-38641","post","type-post","status-publish","format-standard","has-post-thumbnail","hentry","category-locales"],"_links":{"self":[{"href":"http:\/\/informeformosa.com.ar\/index.php?rest_route=\/wp\/v2\/posts\/38641","targetHints":{"allow":["GET"]}}],"collection":[{"href":"http:\/\/informeformosa.com.ar\/index.php?rest_route=\/wp\/v2\/posts"}],"about":[{"href":"http:\/\/informeformosa.com.ar\/index.php?rest_route=\/wp\/v2\/types\/post"}],"author":[{"embeddable":true,"href":"http:\/\/informeformosa.com.ar\/index.php?rest_route=\/wp\/v2\/users\/11"}],"replies":[{"embeddable":true,"href":"http:\/\/informeformosa.com.ar\/index.php?rest_route=%2Fwp%2Fv2%2Fcomments&post=38641"}],"version-history":[{"count":1,"href":"http:\/\/informeformosa.com.ar\/index.php?rest_route=\/wp\/v2\/posts\/38641\/revisions"}],"predecessor-version":[{"id":38654,"href":"http:\/\/informeformosa.com.ar\/index.php?rest_route=\/wp\/v2\/posts\/38641\/revisions\/38654"}],"wp:featuredmedia":[{"embeddable":true,"href":"http:\/\/informeformosa.com.ar\/index.php?rest_route=\/wp\/v2\/media\/38653"}],"wp:attachment":[{"href":"http:\/\/informeformosa.com.ar\/index.php?rest_route=%2Fwp%2Fv2%2Fmedia&parent=38641"}],"wp:term":[{"taxonomy":"category","embeddable":true,"href":"http:\/\/informeformosa.com.ar\/index.php?rest_route=%2Fwp%2Fv2%2Fcategories&post=38641"},{"taxonomy":"post_tag","embeddable":true,"href":"http:\/\/informeformosa.com.ar\/index.php?rest_route=%2Fwp%2Fv2%2Ftags&post=38641"}],"curies":[{"name":"wp","href":"https:\/\/api.w.org\/{rel}","templated":true}]}}