{"id":38621,"date":"2019-08-13T20:10:47","date_gmt":"2019-08-13T23:10:47","guid":{"rendered":"http:\/\/informeformosa.com.ar\/?p=38621"},"modified":"2019-08-13T20:10:50","modified_gmt":"2019-08-13T23:10:50","slug":"este-viernes-se-presenta-la-expo-rural-formosa-2019","status":"publish","type":"post","link":"http:\/\/informeformosa.com.ar\/?p=38621","title":{"rendered":"Este viernes se presenta la Expo Rural Formosa 2019"},"content":{"rendered":"\n<p>El\npr\u00f3ximo viernes 16 de agosto se presentar\u00e1 oficialmente la 75\u00b0 Edici\u00f3n de la\nMuestra Nacional Productiva, Agroindustrial, Empresarial -Expo Rural Formosa\n2019- que tradicionalmente organiza la Sociedad Rural de Formosa.<\/p>\n\n\n\n<p>La\nmisma ser\u00e1 mediante una conferencia de prensa comenzar\u00e1 las 9,30 en la sede de\nla entidad que agrupa a los hombres de campo \u2013Polic\u00eda de TTNN 866 2do piso- y\nestar\u00e1 encabezada por el presidente de la SRF, V\u00edctor Oscar Jure, un\nrepresentante del Ministerio de la Producci\u00f3n y Ambiente,&nbsp;&nbsp;el\nrepresentante de la empresa que coordina el evento. \u2013CEO-, Ing. F\u00e9lix Ben\u00edtez y\nun representante de Ganadera Don Ra\u00fal SRL, a cargo de los remates de la muestra\nganadera.<\/p>\n\n\n\n<p>El\nencuentro del campo con la ciudad tendr\u00e1 lugar los d\u00edas 29, 30, 31 de agosto y 1\nde septiembre, en las instalaciones del predio ferial de la SRF de 9 a 22 horas\ncon entrada libre y gratuita.<\/p>\n\n\n\n<p>Miembros\nde la Comisi\u00f3n Directiva de la Sociedad Rural de Formosa mostraron\nun&nbsp;&nbsp;con gran entusiasmo en esta Expo, puesto que se encuentra en el\ntramo final de esta nueva propuesta para que el sector m\u00e1s importante de nuestra\necon\u00f3mica, el productivo, genere espacios de vinculaci\u00f3n, relacionamiento y de\nnegocios con los dem\u00e1s sectores de nuestra econom\u00eda.<\/p>\n\n\n\n<p>Es\nimportante destacar, que la Expo Formosa, es el suceso productivo m\u00e1s\nsignificativo de la Regi\u00f3n, sobresaliendo los remates, tanto de ganado mayor\ncomo de ganado menor. Donde tambi\u00e9n resalta la Jura de ambas categor\u00edas, y el\nacompa\u00f1amiento de las empresas vinculadas al sector agropecuario.<\/p>\n\n\n\n<p>Las\nempresas y emprendedores hoy tienen la posibilidad de mostrar sus productos y\/o\nservicios en un ambiente preparado e ideal para vincularse, desarrollar no solo\nnuevos clientes, sino nuevos proveedores. Generar alianzas estrat\u00e9gicas, y\nporque no, adquirir mayor conocimiento sobre lo que demanda hoy en d\u00eda el\nsector productivo de la provincia.<\/p>\n\n\n\n<p>Nuestras\nfamilias tienen un lugar ideal para conocer el potencial de todos los sectores\nprivados y p\u00fablicos vinculados al sector. Como as\u00ed tambi\u00e9n, la posibilidad\ndisfrutar del contacto con la naturaleza en el predio de la Sociedad Rural de\nFormosa.<\/p>\n\n\n\n<p>Como\nel a\u00f1o anterior la entrada ser\u00e1 libre y gratuita para todo el p\u00fablico. Y desde\nla organizaci\u00f3n aseguraron nuevamente un patio de comidas con platos totalmente\nregionales para deleite de grandes y peque\u00f1os. Como tambi\u00e9n, muchas sorpresas\npara esta nueva Edici\u00f3n.<\/p>\n","protected":false},"excerpt":{"rendered":"<p>El pr\u00f3ximo viernes 16 de agosto se presentar\u00e1 oficialmente la 75\u00b0 Edici\u00f3n de la Muestra Nacional Productiva, Agroindustrial, Empresarial -Expo Rural Formosa 2019- que tradicionalmente organiza la Sociedad Rural de Formosa. La misma ser\u00e1 mediante una conferencia de prensa comenzar\u00e1 las 9,30 en la sede de la entidad que agrupa a los hombres de campo [&hellip;]<\/p>\n","protected":false},"author":11,"featured_media":38632,"comment_status":"open","ping_status":"open","sticky":false,"template":"","format":"standard","meta":{"footnotes":""},"categories":[2],"tags":[],"class_list":["post-38621","post","type-post","status-publish","format-standard","has-post-thumbnail","hentry","category-locales"],"_links":{"self":[{"href":"http:\/\/informeformosa.com.ar\/index.php?rest_route=\/wp\/v2\/posts\/38621","targetHints":{"allow":["GET"]}}],"collection":[{"href":"http:\/\/informeformosa.com.ar\/index.php?rest_route=\/wp\/v2\/posts"}],"about":[{"href":"http:\/\/informeformosa.com.ar\/index.php?rest_route=\/wp\/v2\/types\/post"}],"author":[{"embeddable":true,"href":"http:\/\/informeformosa.com.ar\/index.php?rest_route=\/wp\/v2\/users\/11"}],"replies":[{"embeddable":true,"href":"http:\/\/informeformosa.com.ar\/index.php?rest_route=%2Fwp%2Fv2%2Fcomments&post=38621"}],"version-history":[{"count":1,"href":"http:\/\/informeformosa.com.ar\/index.php?rest_route=\/wp\/v2\/posts\/38621\/revisions"}],"predecessor-version":[{"id":38633,"href":"http:\/\/informeformosa.com.ar\/index.php?rest_route=\/wp\/v2\/posts\/38621\/revisions\/38633"}],"wp:featuredmedia":[{"embeddable":true,"href":"http:\/\/informeformosa.com.ar\/index.php?rest_route=\/wp\/v2\/media\/38632"}],"wp:attachment":[{"href":"http:\/\/informeformosa.com.ar\/index.php?rest_route=%2Fwp%2Fv2%2Fmedia&parent=38621"}],"wp:term":[{"taxonomy":"category","embeddable":true,"href":"http:\/\/informeformosa.com.ar\/index.php?rest_route=%2Fwp%2Fv2%2Fcategories&post=38621"},{"taxonomy":"post_tag","embeddable":true,"href":"http:\/\/informeformosa.com.ar\/index.php?rest_route=%2Fwp%2Fv2%2Ftags&post=38621"}],"curies":[{"name":"wp","href":"https:\/\/api.w.org\/{rel}","templated":true}]}}