{"id":38616,"date":"2019-08-13T19:53:38","date_gmt":"2019-08-13T22:53:38","guid":{"rendered":"http:\/\/informeformosa.com.ar\/?p=38616"},"modified":"2019-08-13T19:53:41","modified_gmt":"2019-08-13T22:53:41","slug":"basterra-pidio-que-alguien-serene-a-macri-que-se-timbeo-todo-el-pais","status":"publish","type":"post","link":"http:\/\/informeformosa.com.ar\/?p=38616","title":{"rendered":"Basterra pidi\u00f3 que alguien serene a  Macri que se \u201ctimbe\u00f3\u201d todo el pa\u00eds"},"content":{"rendered":"\n<p>El diputado nacional Luis Basterra, quien encabeza la\nlista del FdT en la provincia, planteo que \u201calguien debe serenar al presidente\nMauricio Macri, ya se timbe\u00f3 todo el pa\u00eds y culpa al pueblo de la hecatombe que\nllevo a la Argentina\u201d.<\/p>\n\n\n\n<p>Considero como \u201ccontundente\u201d la expresi\u00f3n del pueblo\nargentino en las PASO a lo que entiende fue \u201cun rechazo al intento macrista de\nsostener su modelo de pa\u00eds por cuatro a\u00f1os m\u00e1s. Y fue mucho m\u00e1s, el voto blanco\nfue menor al hist\u00f3rico, con lo cual se percibe en Alberto y Cristina una opci\u00f3n\nconcreta para salir de esta situaci\u00f3n dolorosa para el pueblo argentino\u201d.<\/p>\n\n\n\n<p>\u201cTodos los pron\u00f3sticos quedaron desestimados con la\nexpresi\u00f3n popular, y se confirm\u00f3 lo que presum\u00edamos en que en este estado de\ncosas el resultado deb\u00eda ser contundente, el malestar social as\u00ed lo vaticinaba\ny no como dec\u00edan las encuestas\u201d, subray\u00f3. <\/p>\n\n\n\n<p>Expuso que a nivel local \u201ctuvimos n\u00fameros\nesperanzadores, porque si bien de replicarse estos resultados en&nbsp; octubre no alcanzan para el 3-0 (el total de\nlegisladores para el FdT), pero est\u00e1n muy pr\u00f3ximos. Creo que los pocos puntos\nque faltan lo alcanzaremos en este tiempo de campa\u00f1a donde trataremos de\ndisipar dudas y convencer a m\u00e1s gente sobre la necesidad de que Formosa tenga\nm\u00e1s representantes en el Congreso para que defiendan los intereses de la\nprovincia\u201d. <\/p>\n\n\n\n<p>\u201cDebemos triplicar al segundo, entonces tendremos los\ntres diputados, y en vez de los 2.8 que tuvimos debemos llegar a los 3, o sea\nque nos est\u00e1 faltando un 10% m\u00e1s de votos para llegar a este prop\u00f3sito\u201d,\ndetall\u00f3.<\/p>\n\n\n\n<p>Advirti\u00f3 Basterra que \u201cescuchar a un presidente\ndenostar contra la voluntad popular hace que a un le venga a la mente\nexpresiones que no son constructivas. Si lo hubiera dicho Videla o Galtieri (ex\npresidentes de factos) seria entendible, pero no que el reclamo a los votantes\nprovenga de quien fue electo democr\u00e1ticamente, es una actitud amedrentadora\u201d.<\/p>\n\n\n\n<p>Para el legislador que busca su reelecci\u00f3n \u201cesto de\nculpar a los dem\u00e1s de la crisis argentina nos pone en una situaci\u00f3n\npeligros\u00edsima como pa\u00eds,&nbsp; genera tremenda\nincertidumbre en los mercados del que habla tanto. Si los mercados ten\u00edan\nalguna preocupaci\u00f3n antes de que hablara Macri, despu\u00e9s que lo hizo el\ninterrogante habr\u00e1 sido cuando terminara esta tragedia para Argentina, es\nrealmente una tama\u00f1a irresponsabilidad\u201d.<\/p>\n\n\n\n<p>\u201cLo que est\u00e1 ocurriendo es una reacci\u00f3n negativa del\ngobierno. Macri sale y le dice al pa\u00eds y al mundo que el problema son los\nargentinos que votan mal: es un desquicio\u201d, reproch\u00f3.<\/p>\n\n\n\n<p>Aludi\u00f3 a que \u201clos duros cuestionamientos a Macri\nvienen de quienes los han adulado antes que sea presidente y durante este\ntiempo de gesti\u00f3n, pero hoy ven que lo supera como hijo de rico que se enoja\ncuando las cosas no le salen: El due\u00f1o de la pelota que termina el juego porque\nle hicieron un gol\u201d<\/p>\n\n\n\n<p>Confronto la an\u00e9cdota de Macri que \u201cun d\u00eda conto\ncuando paso necesidad en Chile al perder todo en el casino y su padre le\ntransfiri\u00f3 reci\u00e9n al d\u00eda siguiente dinero. Es lo mismo que ahora, se timbe\u00f3\ntodo el pa\u00eds y ahora es el pueblo el que le dijo basta\u201d.<\/p>\n\n\n\n<p>Pidi\u00f3 finalmente que \u201calguien siente al presidente, lo\nserene. No demando un cogobierno, sino el acuerdo de dos o tres puntos para\nfrenar este desquicio\u201d. <\/p>\n","protected":false},"excerpt":{"rendered":"<p>El diputado nacional Luis Basterra, quien encabeza la lista del FdT en la provincia, planteo que \u201calguien debe serenar al presidente Mauricio Macri, ya se timbe\u00f3 todo el pa\u00eds y culpa al pueblo de la hecatombe que llevo a la Argentina\u201d. Considero como \u201ccontundente\u201d la expresi\u00f3n del pueblo argentino en las PASO a lo que [&hellip;]<\/p>\n","protected":false},"author":11,"featured_media":38585,"comment_status":"open","ping_status":"open","sticky":false,"template":"","format":"standard","meta":{"footnotes":""},"categories":[6],"tags":[],"class_list":["post-38616","post","type-post","status-publish","format-standard","has-post-thumbnail","hentry","category-nacionales"],"_links":{"self":[{"href":"http:\/\/informeformosa.com.ar\/index.php?rest_route=\/wp\/v2\/posts\/38616","targetHints":{"allow":["GET"]}}],"collection":[{"href":"http:\/\/informeformosa.com.ar\/index.php?rest_route=\/wp\/v2\/posts"}],"about":[{"href":"http:\/\/informeformosa.com.ar\/index.php?rest_route=\/wp\/v2\/types\/post"}],"author":[{"embeddable":true,"href":"http:\/\/informeformosa.com.ar\/index.php?rest_route=\/wp\/v2\/users\/11"}],"replies":[{"embeddable":true,"href":"http:\/\/informeformosa.com.ar\/index.php?rest_route=%2Fwp%2Fv2%2Fcomments&post=38616"}],"version-history":[{"count":1,"href":"http:\/\/informeformosa.com.ar\/index.php?rest_route=\/wp\/v2\/posts\/38616\/revisions"}],"predecessor-version":[{"id":38625,"href":"http:\/\/informeformosa.com.ar\/index.php?rest_route=\/wp\/v2\/posts\/38616\/revisions\/38625"}],"wp:featuredmedia":[{"embeddable":true,"href":"http:\/\/informeformosa.com.ar\/index.php?rest_route=\/wp\/v2\/media\/38585"}],"wp:attachment":[{"href":"http:\/\/informeformosa.com.ar\/index.php?rest_route=%2Fwp%2Fv2%2Fmedia&parent=38616"}],"wp:term":[{"taxonomy":"category","embeddable":true,"href":"http:\/\/informeformosa.com.ar\/index.php?rest_route=%2Fwp%2Fv2%2Fcategories&post=38616"},{"taxonomy":"post_tag","embeddable":true,"href":"http:\/\/informeformosa.com.ar\/index.php?rest_route=%2Fwp%2Fv2%2Ftags&post=38616"}],"curies":[{"name":"wp","href":"https:\/\/api.w.org\/{rel}","templated":true}]}}