{"id":38602,"date":"2019-08-12T20:00:59","date_gmt":"2019-08-12T23:00:59","guid":{"rendered":"http:\/\/informeformosa.com.ar\/?p=38602"},"modified":"2019-08-12T20:01:01","modified_gmt":"2019-08-12T23:01:01","slug":"fiesta-del-pomelo-2019-prosigue-organizacion-de-nueva-edicion","status":"publish","type":"post","link":"http:\/\/informeformosa.com.ar\/?p=38602","title":{"rendered":"Fiesta del Pomelo 2019: Prosigue organizaci\u00f3n de nueva edici\u00f3n"},"content":{"rendered":"\n<p>Desde\nla esfera gubernamental se trabaja activamente en la organizaci\u00f3n de la 37\u00b0\nedici\u00f3n de la Fiesta Nacional del Pomelo, que este a\u00f1o se llevar\u00e1 a cabo del 20\nal 22 de septiembre pr\u00f3ximo en la localidad de Laguna Blanca.<\/p>\n\n\n\n<p>Al\nrespecto, el diputado nacional Ramiro Fern\u00e1ndez Patri consign\u00f3 que \u00abcomo\ntodos saben se posterg\u00f3 la realizaci\u00f3n de la Fiesta Nacional del Pomelo, pero\ndado que las aguas han bajado, los damnificados est\u00e1n volviendo a sus hogares y\nla parte productiva se est\u00e1 reactivando, el gobernador Gildo Insfr\u00e1n ha\ndecidido que este festival que ya es del norte argentino se realice con todo su\nesplendor con una gran expo donde se ponga en valor todo el sistema productivo\nprovincial y que tambi\u00e9n se hagan los shows art\u00edsticos\u00bb.<\/p>\n\n\n\n<p>Refiri\u00f3\nque \u00abel 80% de los artistas van a ser locales\u00bb, marcando a su vez que\n\u00abse va a tener en cuenta la cuesti\u00f3n de g\u00e9nero y las bandas lideradas por\nmujeres van a ser protagonistas\u00bb.<\/p>\n\n\n\n<p>\u00abSeguramente\ntambi\u00e9n habr\u00e1 dos o tres grupos fuertes de renombre nacional como\ninternacional, lo cual tambi\u00e9n es parte del atractivo que tiene este\nfestival\u00bb, apunt\u00f3 el exministro de Turismo provincial.<\/p>\n\n\n\n<p>Hizo\nnotar que \u00abpor sobre todas las cosas, se trata de una inversi\u00f3n importante\nde dinero que hace el Gobierno provincial junto al Consejo Federal de\nInversiones (CFI) para reactivar la econom\u00eda\u00bb.<\/p>\n\n\n\n<p>En\nese sentido, marc\u00f3 la gran expectativa que genera el mega evento, ya que\n\u00abhay muchas asociaciones, clubes de barrios, empresas y emprendedores que\nnos vienen llamando desde el mes de junio porque quieren que se haga la Fiesta\ndel Pomelo, ya que es muy grande la diferencia econ\u00f3mica que hacen para\nsolventar los gastos de gran parte del a\u00f1o\u00bb.<\/p>\n\n\n\n<p>\u00abEs\nrealmente un emprendimiento cultural, art\u00edstico, tur\u00edstico y productivo que los\nformose\u00f1os lo esperamos todo el a\u00f1o\u00bb, destac\u00f3 el legislador.<\/p>\n\n\n\n<p>Consultado\nsobre los stands, inform\u00f3 que \u00abhay vacantes todav\u00eda, por lo que los\ninteresados deben dirigirse al Ministerio de Turismo, ubicado en Uriburu 820, o\nbien llamar al 3704 425192, donde los compa\u00f1eros van a ir organizando la\ndistribuci\u00f3n de los mismos\u00bb, finaliz\u00f3.&nbsp;<\/p>\n","protected":false},"excerpt":{"rendered":"<p>Desde la esfera gubernamental se trabaja activamente en la organizaci\u00f3n de la 37\u00b0 edici\u00f3n de la Fiesta Nacional del Pomelo, que este a\u00f1o se llevar\u00e1 a cabo del 20 al 22 de septiembre pr\u00f3ximo en la localidad de Laguna Blanca. Al respecto, el diputado nacional Ramiro Fern\u00e1ndez Patri consign\u00f3 que \u00abcomo todos saben se posterg\u00f3 [&hellip;]<\/p>\n","protected":false},"author":11,"featured_media":38612,"comment_status":"open","ping_status":"open","sticky":false,"template":"","format":"standard","meta":{"footnotes":""},"categories":[19],"tags":[],"class_list":["post-38602","post","type-post","status-publish","format-standard","has-post-thumbnail","hentry","category-turismo"],"_links":{"self":[{"href":"http:\/\/informeformosa.com.ar\/index.php?rest_route=\/wp\/v2\/posts\/38602","targetHints":{"allow":["GET"]}}],"collection":[{"href":"http:\/\/informeformosa.com.ar\/index.php?rest_route=\/wp\/v2\/posts"}],"about":[{"href":"http:\/\/informeformosa.com.ar\/index.php?rest_route=\/wp\/v2\/types\/post"}],"author":[{"embeddable":true,"href":"http:\/\/informeformosa.com.ar\/index.php?rest_route=\/wp\/v2\/users\/11"}],"replies":[{"embeddable":true,"href":"http:\/\/informeformosa.com.ar\/index.php?rest_route=%2Fwp%2Fv2%2Fcomments&post=38602"}],"version-history":[{"count":1,"href":"http:\/\/informeformosa.com.ar\/index.php?rest_route=\/wp\/v2\/posts\/38602\/revisions"}],"predecessor-version":[{"id":38614,"href":"http:\/\/informeformosa.com.ar\/index.php?rest_route=\/wp\/v2\/posts\/38602\/revisions\/38614"}],"wp:featuredmedia":[{"embeddable":true,"href":"http:\/\/informeformosa.com.ar\/index.php?rest_route=\/wp\/v2\/media\/38612"}],"wp:attachment":[{"href":"http:\/\/informeformosa.com.ar\/index.php?rest_route=%2Fwp%2Fv2%2Fmedia&parent=38602"}],"wp:term":[{"taxonomy":"category","embeddable":true,"href":"http:\/\/informeformosa.com.ar\/index.php?rest_route=%2Fwp%2Fv2%2Fcategories&post=38602"},{"taxonomy":"post_tag","embeddable":true,"href":"http:\/\/informeformosa.com.ar\/index.php?rest_route=%2Fwp%2Fv2%2Ftags&post=38602"}],"curies":[{"name":"wp","href":"https:\/\/api.w.org\/{rel}","templated":true}]}}