{"id":38601,"date":"2019-08-12T19:59:45","date_gmt":"2019-08-12T22:59:45","guid":{"rendered":"http:\/\/informeformosa.com.ar\/?p=38601"},"modified":"2019-08-12T19:59:50","modified_gmt":"2019-08-12T22:59:50","slug":"samaniego-situo-a-insfran-como-tutor-de-la-unidad-del-peronismo-nacional","status":"publish","type":"post","link":"http:\/\/informeformosa.com.ar\/?p=38601","title":{"rendered":"Samaniego situ\u00f3 a Insfr\u00e1n como tutor  de la \u201cunidad\u201d del peronismo nacional"},"content":{"rendered":"\n<p>Para Agust\u00edn Samaniego, candidato electo a diputado nacional de Formosa por el Frente de Todos (FdT), con el \u201carrasador\u201d triunfo en las PASO de Alberto Fern\u00e1ndez y Cristina Fern\u00e1ndez \u00abel pueblo argentino transmiti\u00f3 la necesidad imperiosa de que exista un cambio de Gobierno, de pol\u00edtica y que se empiece a construir un pa\u00eds m\u00e1s federal que piense en todos, no s\u00f3lo en un min\u00fasculo grupo de privilegiados\u00bb.<\/p>\n\n\n\n<p>\u00abLos argentinos votaron un por pa\u00eds donde se\nfomente la producci\u00f3n y no la especulaci\u00f3n, que promueva el empleo y no la\ntimba financiera, que pare esta locura que ha generado tanta tristeza, congoja\ne incertidumbre en el pueblo argentino\u00bb, remarc\u00f3 el actual diputado\nprovincial.<\/p>\n\n\n\n<p>No dud\u00f3 en manifestar que \u00abha sido un fuerte\nllamado de atenci\u00f3n\u00bb para el Gobierno de Mauricio Macri, ya que \u00absi\nbien todas las encuestas dec\u00edan que iba a ganar Alberto y el FdT, iba a ser con\nun porcentaje menor. Siempre uno es optimista, pero estos porcentajes han sido\nrealmente muy elevados, 15 puntos de diferencia, y ganar en todas las provincias\nya que solamente en dos se ha impuesto Macri (CABA y C\u00f3rdoba)\u00bb.<\/p>\n\n\n\n<p>\u00abLo tomamos con mucha alegr\u00eda porque es un\nrespaldo de la ciudadan\u00eda, pero con mucha serenidad y responsabilidad, ya que\na\u00fan quedan meses de campa\u00f1a y la elecci\u00f3n definitiva es el 27 de octubre\n-dijo-. Debemos seguir trabajando para la gente, llevando nuestro mensaje,\nescuchando a cada uno de los formose\u00f1os y los argentinos para empezar a\nconstruir el camino hacia el 10 de diciembre\u00bb.<\/p>\n\n\n\n<p>Hizo notar que \u00abser\u00e1 una tarea dif\u00edcil, pero la\nvamos a hacer porque miramos con confianza el futuro\u00bb.<\/p>\n\n\n\n<p><strong>Rol clave<\/strong><\/p>\n\n\n\n<p>Asimismo, Samaniego destac\u00f3 el importante y clave\nrol que desempe\u00f1\u00f3 el gobernador Gildo Insfr\u00e1n en el armado de la unidad\nnacional: \u00abMiramos con mucho orgullo a Alberto y a todos los dirigentes en\nel escenario del FdT luego del triunfo, ya que uno de los constructores vitales\nm\u00e1s importantes que ha tenido eso que se ve\u00eda por la televisi\u00f3n nacional es\nproducto del trabajo y la paciencia que ha tenido el gobernador Insfr\u00e1n, quien\nhab\u00eda dicho que la palabra salvadora era la unidad y as\u00ed fue\u00bb.<\/p>\n\n\n\n<p>Record\u00f3 Samaniego que el primer mandatario\n\u00abviene diciendo que la unidad era lo que nos iba a salvar desde el primer\nd\u00eda de este Gobierno Nacional y cuando ve\u00edamos que el partido o el movimiento\nnacional se atomizaba\u00bb.<\/p>\n\n\n\n<p>\u00abAdem\u00e1s el gobernador Insfr\u00e1n fue uno de los\nprimeros l\u00edderes pol\u00edticos que expres\u00f3 su voz contra las pol\u00edticas de hambre y\nmiseria que ahora, lastimosamente, el tiempo le dio la raz\u00f3n\u00bb, sentenci\u00f3,\nrecordando que el primer mandatario formose\u00f1o fue el primero en advertir sobre\nlas graves consecuencias para el pueblo argentino que traer\u00edan las medidas\nadoptadas por la gesti\u00f3n de Macri.<\/p>\n\n\n\n<p>A su vez, recalc\u00f3 que \u00able hemos presentado a la\nsociedad un proyecto y una mirada de pa\u00eds federal. Y puntualmente a los formose\u00f1os\nel mensaje de que para ellos y nuestra provincia tener un Gobierno Nacional a\npartir del 10 de diciembre que sea diferente del que tenemos ahora va a\nrepresentar un impulso muy importante\u00bb.<\/p>\n\n\n\n<p>\u00abSe trata de un proyecto pol\u00edtico que piensa en\nel consumo interno, en el trabajo y la inclusi\u00f3n, con una mirada federal. Para\nnosotros no es la especulaci\u00f3n financiera ni pensar en unos pocos la forma de\ngobernar\u00bb, asever\u00f3, tajante.&nbsp;<\/p>\n","protected":false},"excerpt":{"rendered":"<p>Para Agust\u00edn Samaniego, candidato electo a diputado nacional de Formosa por el Frente de Todos (FdT), con el \u201carrasador\u201d triunfo en las PASO de Alberto Fern\u00e1ndez y Cristina Fern\u00e1ndez \u00abel pueblo argentino transmiti\u00f3 la necesidad imperiosa de que exista un cambio de Gobierno, de pol\u00edtica y que se empiece a construir un pa\u00eds m\u00e1s federal [&hellip;]<\/p>\n","protected":false},"author":11,"featured_media":38146,"comment_status":"open","ping_status":"open","sticky":false,"template":"","format":"standard","meta":{"footnotes":""},"categories":[6],"tags":[],"class_list":["post-38601","post","type-post","status-publish","format-standard","has-post-thumbnail","hentry","category-nacionales"],"_links":{"self":[{"href":"http:\/\/informeformosa.com.ar\/index.php?rest_route=\/wp\/v2\/posts\/38601","targetHints":{"allow":["GET"]}}],"collection":[{"href":"http:\/\/informeformosa.com.ar\/index.php?rest_route=\/wp\/v2\/posts"}],"about":[{"href":"http:\/\/informeformosa.com.ar\/index.php?rest_route=\/wp\/v2\/types\/post"}],"author":[{"embeddable":true,"href":"http:\/\/informeformosa.com.ar\/index.php?rest_route=\/wp\/v2\/users\/11"}],"replies":[{"embeddable":true,"href":"http:\/\/informeformosa.com.ar\/index.php?rest_route=%2Fwp%2Fv2%2Fcomments&post=38601"}],"version-history":[{"count":1,"href":"http:\/\/informeformosa.com.ar\/index.php?rest_route=\/wp\/v2\/posts\/38601\/revisions"}],"predecessor-version":[{"id":38611,"href":"http:\/\/informeformosa.com.ar\/index.php?rest_route=\/wp\/v2\/posts\/38601\/revisions\/38611"}],"wp:featuredmedia":[{"embeddable":true,"href":"http:\/\/informeformosa.com.ar\/index.php?rest_route=\/wp\/v2\/media\/38146"}],"wp:attachment":[{"href":"http:\/\/informeformosa.com.ar\/index.php?rest_route=%2Fwp%2Fv2%2Fmedia&parent=38601"}],"wp:term":[{"taxonomy":"category","embeddable":true,"href":"http:\/\/informeformosa.com.ar\/index.php?rest_route=%2Fwp%2Fv2%2Fcategories&post=38601"},{"taxonomy":"post_tag","embeddable":true,"href":"http:\/\/informeformosa.com.ar\/index.php?rest_route=%2Fwp%2Fv2%2Ftags&post=38601"}],"curies":[{"name":"wp","href":"https:\/\/api.w.org\/{rel}","templated":true}]}}