{"id":38599,"date":"2019-08-12T19:56:54","date_gmt":"2019-08-12T22:56:54","guid":{"rendered":"http:\/\/informeformosa.com.ar\/?p=38599"},"modified":"2019-08-12T19:56:57","modified_gmt":"2019-08-12T22:56:57","slug":"taller-familiar-puesta-de-limites-formacion-de-rutinas-y-habitos","status":"publish","type":"post","link":"http:\/\/informeformosa.com.ar\/?p=38599","title":{"rendered":"Taller familiar, puesta de l\u00edmites, formaci\u00f3n de rutinas y h\u00e1bitos"},"content":{"rendered":"\n<p>El Equipo T\u00e9cnico Interdisciplinario\nCentral (SeTIC) del Ministerio de Cultura y Educaci\u00f3n desarroll\u00f3 el taller\ndestinado a familias abordando la tem\u00e1tica \u00abPuesta de l\u00edmites, formaci\u00f3n\nde rutinas y h\u00e1bitos\u00bb.<br>\nEl espacio del taller \u00abPuesta de l\u00edmites, formaci\u00f3n de rutinas y\nh\u00e1bitos\u00bb es brindado a la familia, extensivo a toda la comunidad. Se\nrealiza en la EPEP N\u00b0 3, est\u00e1 prevista en dos jornadas, una que se llev\u00f3 a cabo\nel 7 de agosto y el pr\u00f3ximo encuentro ser\u00e1 el 14 de agosto de 18 a 20\nhoras.&nbsp;<\/p>\n\n\n\n<p>La primera jornada se cont\u00f3 con la\nparticipaci\u00f3n de 50 familias que han mostrado un gran inter\u00e9s en esta tem\u00e1tica\ntan relevante para la crianza segura y responsable de los ni\u00f1os, ni\u00f1as y\nadolescentes.&nbsp;<\/p>\n\n\n\n<p>La Lic. Romina L\u00f3pez, responsable del\nSeTIC, dijo: \u00abEstamos desarrollando uno de varios encuentros, que tienen\nque ver con la l\u00ednea de trabajo con las familias. En esta oportunidad se\ntrabaja la puesta de l\u00edmites y h\u00e1bitos saludables, que est\u00e1 dirigida a las\nfamilias en general, que quieran acompa\u00f1ar a la crianza de los ni\u00f1os y ni\u00f1as.\nAdem\u00e1s, habr\u00e1 otro encuentro que est\u00e1 destinado a adultos que acompa\u00f1an a la\ncrianza de j\u00f3venes. Esta l\u00ednea de trabajo est\u00e1 prevista en cuatro encuentros,\nel primero ya se dio en el mes de julio, pero tuvo que ver con la tem\u00e1tico del\nUso Responsable de Redes, este segundo, como se mencion\u00f3 tiene que ver con la\npuesta de l\u00edmites y h\u00e1bitos saludables, y luego siguen dos encuentros m\u00e1s en el\nmes de septiembre y octubre. Uno de ellos es sobre \u00bfQu\u00e9 hacemos cuando nuestros\nni\u00f1os se aburren? Es una actividad que est\u00e1 abierta al p\u00fablico en general\ny&nbsp;a los adultos en particular que acompa\u00f1an la crianza de los\nadolescentes\u00bb.&nbsp;<\/p>\n\n\n\n<p>Respecto de c\u00f3mo se dio marcha a los\ntalleres, la Lic. Romina L\u00f3pez explica: \u00abComo sistema educativo, y como\nservicio de este sistema, tenemos un v\u00ednculo de trabajo con quienes integran la\ncomunidad educativa. Para poder desarrollar estas actividades se realiz\u00f3\npreviamente una encuesta abierta por lo que se pudo visibilizar las necesidades\nque planteaban padres y madres, tambi\u00e9n las dificultades que atraviesan en\ncuanto a la crianza de los hijos, estos resultados marcaron las prioridades de\nlas tem\u00e1ticas de los talleres\u00bb.<\/p>\n\n\n\n<p>Alejandra es mam\u00e1 de Mora, que tiene 3\na\u00f1os, asisti\u00f3 al taller y brind\u00f3 su testimonio: La verdad re contenta, vinimos\ncon el pap\u00e1 de Mora, nos enteramos por la red WhatsApp del jard\u00edn. (&#8230;) Muy\nsorprendida, porque no sab\u00eda que hab\u00eda este tipo de talleres, de\nacompa\u00f1amiento, que lo hace desde el Estado que nos pareci\u00f3 fant\u00e1stico, me\nsorprendi\u00f3 por la tem\u00e1tica y la calidad con la que se desarroll\u00f3. Los ni\u00f1os\ntienen sus particularidades, por lo que uno trata&nbsp;como la mayor\u00eda de los\npadres, de ir gui\u00e1ndolos de la mejor manera, entonces, este tipo de\nacompa\u00f1amiento me parece que es super importante y obviamente me llev\u00f3\nmuch\u00edsimo material como para tratar de analizar y ponerlo en pr\u00e1ctica, para\ndarle una vida lo m\u00e1s armoniosa y saludable posible para nuestra\nhija\u00bb.&nbsp;<\/p>\n\n\n\n<p>En esta construcci\u00f3n por una sociedad\nmejor, se contribuye como Sistema Educativo con aspectos esenciales para forjar\nlas bases s\u00f3lidas y as\u00ed poder fortalecer los v\u00ednculos.<\/p>\n","protected":false},"excerpt":{"rendered":"<p>El Equipo T\u00e9cnico Interdisciplinario Central (SeTIC) del Ministerio de Cultura y Educaci\u00f3n desarroll\u00f3 el taller destinado a familias abordando la tem\u00e1tica \u00abPuesta de l\u00edmites, formaci\u00f3n de rutinas y h\u00e1bitos\u00bb. El espacio del taller \u00abPuesta de l\u00edmites, formaci\u00f3n de rutinas y h\u00e1bitos\u00bb es brindado a la familia, extensivo a toda la comunidad. Se realiza en la [&hellip;]<\/p>\n","protected":false},"author":11,"featured_media":38607,"comment_status":"open","ping_status":"open","sticky":false,"template":"","format":"standard","meta":{"footnotes":""},"categories":[4],"tags":[],"class_list":["post-38599","post","type-post","status-publish","format-standard","has-post-thumbnail","hentry","category-educacion"],"_links":{"self":[{"href":"http:\/\/informeformosa.com.ar\/index.php?rest_route=\/wp\/v2\/posts\/38599","targetHints":{"allow":["GET"]}}],"collection":[{"href":"http:\/\/informeformosa.com.ar\/index.php?rest_route=\/wp\/v2\/posts"}],"about":[{"href":"http:\/\/informeformosa.com.ar\/index.php?rest_route=\/wp\/v2\/types\/post"}],"author":[{"embeddable":true,"href":"http:\/\/informeformosa.com.ar\/index.php?rest_route=\/wp\/v2\/users\/11"}],"replies":[{"embeddable":true,"href":"http:\/\/informeformosa.com.ar\/index.php?rest_route=%2Fwp%2Fv2%2Fcomments&post=38599"}],"version-history":[{"count":1,"href":"http:\/\/informeformosa.com.ar\/index.php?rest_route=\/wp\/v2\/posts\/38599\/revisions"}],"predecessor-version":[{"id":38608,"href":"http:\/\/informeformosa.com.ar\/index.php?rest_route=\/wp\/v2\/posts\/38599\/revisions\/38608"}],"wp:featuredmedia":[{"embeddable":true,"href":"http:\/\/informeformosa.com.ar\/index.php?rest_route=\/wp\/v2\/media\/38607"}],"wp:attachment":[{"href":"http:\/\/informeformosa.com.ar\/index.php?rest_route=%2Fwp%2Fv2%2Fmedia&parent=38599"}],"wp:term":[{"taxonomy":"category","embeddable":true,"href":"http:\/\/informeformosa.com.ar\/index.php?rest_route=%2Fwp%2Fv2%2Fcategories&post=38599"},{"taxonomy":"post_tag","embeddable":true,"href":"http:\/\/informeformosa.com.ar\/index.php?rest_route=%2Fwp%2Fv2%2Ftags&post=38599"}],"curies":[{"name":"wp","href":"https:\/\/api.w.org\/{rel}","templated":true}]}}