{"id":38580,"date":"2019-08-12T19:28:57","date_gmt":"2019-08-12T22:28:57","guid":{"rendered":"http:\/\/informeformosa.com.ar\/?p=38580"},"modified":"2019-08-12T19:29:00","modified_gmt":"2019-08-12T22:29:00","slug":"desayuno-para-alumnos-de-la-unaf","status":"publish","type":"post","link":"http:\/\/informeformosa.com.ar\/?p=38580","title":{"rendered":"Desayuno para alumnos de la UNaF"},"content":{"rendered":"\n<p>En\nconsonancia con el inicio de las actividades acad\u00e9micas del segundo semestre,\nlos miembros del Centro de Estudiantes de Humanidades, agrupaci\u00f3n LineAzul de\nla Universidad Nacional de Formosa (UNaF), continuaron con la preparaci\u00f3n del\ndesayuno que ya hab\u00edan iniciado el semestre anterior. <\/p>\n\n\n\n<p>Seg\u00fan\ncoment\u00f3 el presidente del centro de estudiantes, Facundo Cabrera, esta\niniciativa surgi\u00f3 a ra\u00edz de que comprendieron la dif\u00edcil situaci\u00f3n que est\u00e1\natravesando el pa\u00eds y la importancia de que los alumnos asistan a clases con\nenerg\u00eda.<\/p>\n\n\n\n<p>\u00abTomamos\nconciencia de esta necesidad y con humildes fondos hemos comenzado a preparar\nel desayuno para nuestros compa\u00f1eros. Hoy por suerte contamos con un\npresupuesto otorgado por la Secretar\u00eda de Asuntos Estudiantiles y Extensi\u00f3n\nUniversitaria a cargo del Psgo. Rafael Olmedo y con ayuda del Decano de esta\nfacultad, Lic. Jos\u00e9 Luis Guillen, por lo cual estamos muy contentos de poder\nbrindar un desayuno m\u00e1s completo y variado\u00bb.<\/p>\n\n\n\n<p>Agreg\u00f3\nque el centro de estudiantes se encuentra totalmente abierto a recibir la ayuda\nde aquellos que quieran colaborar con insumos o con trabajo en la preparaci\u00f3n.\nPor \u00faltimo, agradeci\u00f3 nuevamente a las autoridades que ayudan a que esta\nactividad sea posible e inform\u00f3 que seguir\u00e1n durante todo el semestre buscando\nsiempre el bienestar de los estudiantes.<\/p>\n","protected":false},"excerpt":{"rendered":"<p>En consonancia con el inicio de las actividades acad\u00e9micas del segundo semestre, los miembros del Centro de Estudiantes de Humanidades, agrupaci\u00f3n LineAzul de la Universidad Nacional de Formosa (UNaF), continuaron con la preparaci\u00f3n del desayuno que ya hab\u00edan iniciado el semestre anterior. Seg\u00fan coment\u00f3 el presidente del centro de estudiantes, Facundo Cabrera, esta iniciativa surgi\u00f3 [&hellip;]<\/p>\n","protected":false},"author":11,"featured_media":38590,"comment_status":"open","ping_status":"open","sticky":false,"template":"","format":"standard","meta":{"footnotes":""},"categories":[4],"tags":[],"class_list":["post-38580","post","type-post","status-publish","format-standard","has-post-thumbnail","hentry","category-educacion"],"_links":{"self":[{"href":"http:\/\/informeformosa.com.ar\/index.php?rest_route=\/wp\/v2\/posts\/38580","targetHints":{"allow":["GET"]}}],"collection":[{"href":"http:\/\/informeformosa.com.ar\/index.php?rest_route=\/wp\/v2\/posts"}],"about":[{"href":"http:\/\/informeformosa.com.ar\/index.php?rest_route=\/wp\/v2\/types\/post"}],"author":[{"embeddable":true,"href":"http:\/\/informeformosa.com.ar\/index.php?rest_route=\/wp\/v2\/users\/11"}],"replies":[{"embeddable":true,"href":"http:\/\/informeformosa.com.ar\/index.php?rest_route=%2Fwp%2Fv2%2Fcomments&post=38580"}],"version-history":[{"count":1,"href":"http:\/\/informeformosa.com.ar\/index.php?rest_route=\/wp\/v2\/posts\/38580\/revisions"}],"predecessor-version":[{"id":38591,"href":"http:\/\/informeformosa.com.ar\/index.php?rest_route=\/wp\/v2\/posts\/38580\/revisions\/38591"}],"wp:featuredmedia":[{"embeddable":true,"href":"http:\/\/informeformosa.com.ar\/index.php?rest_route=\/wp\/v2\/media\/38590"}],"wp:attachment":[{"href":"http:\/\/informeformosa.com.ar\/index.php?rest_route=%2Fwp%2Fv2%2Fmedia&parent=38580"}],"wp:term":[{"taxonomy":"category","embeddable":true,"href":"http:\/\/informeformosa.com.ar\/index.php?rest_route=%2Fwp%2Fv2%2Fcategories&post=38580"},{"taxonomy":"post_tag","embeddable":true,"href":"http:\/\/informeformosa.com.ar\/index.php?rest_route=%2Fwp%2Fv2%2Ftags&post=38580"}],"curies":[{"name":"wp","href":"https:\/\/api.w.org\/{rel}","templated":true}]}}