{"id":38579,"date":"2019-08-12T19:05:13","date_gmt":"2019-08-12T22:05:13","guid":{"rendered":"http:\/\/informeformosa.com.ar\/?p=38579"},"modified":"2019-08-12T19:05:16","modified_gmt":"2019-08-12T22:05:16","slug":"desarrollo-humano-incorporo-profesionales-medicos-extranjeros","status":"publish","type":"post","link":"http:\/\/informeformosa.com.ar\/?p=38579","title":{"rendered":"Desarrollo Humano incorpor\u00f3  profesionales m\u00e9dicos extranjeros"},"content":{"rendered":"\n<p>El\nministerio de Desarrollo Humano sum\u00f3 m\u00e9dicos de otros pa\u00edses para desempe\u00f1arse\nen distintas localidades del interior provincial, precis\u00f3 la doctora Cristina\nMirassou, subsecretaria de Gesti\u00f3n de Establecimientos Asistenciales de la\ncartera sanitaria.<\/p>\n\n\n\n<p>\u00abSe\nhan incorporado m\u00e9dicos de otros pa\u00edses, por ejemplo, una pareja boliviana que\nest\u00e1 en Ingeniero Ju\u00e1rez y m\u00e9dicos venezolanos, lo cual tiene que ver con una\nestrategia de la provincia a trav\u00e9s de nuestro ministro, el doctor Jos\u00e9 Luis\nD\u00e9cima, ante el d\u00e9ficit de profesionales en el interior porque en capital s\u00ed\nvamos incorporando, sobre todo especialistas y sus especialidades\u00bb,\nrefiri\u00f3 la funcionaria.<\/p>\n\n\n\n<p>Indic\u00f3\nque en cuanto a \u00ablos m\u00e9dicos generales o especialidades b\u00e1sicas en el\ninterior hace ya un par de a\u00f1os que venimos con esta situaci\u00f3n que es general\nen todo el pa\u00eds, de que los m\u00e9dicos no est\u00e1n queriendo ir al interior y m\u00e1s\nbien se siguen capacitando, cosa de quedar en hospitales de complejidad en los\ncentros de grandes poblaciones\u00bb.<\/p>\n\n\n\n<p>\u00abEsta\noferta a partir de la jornalizaci\u00f3n y la vivienda con mobiliario ha sido una\nestrategia efectiva y ya tenemos m\u00e9dicos trabajando y todos han ido al\ninterior: a Ingeniero Ju\u00e1rez, Las Lomitas, Laguna Yema, Subteniente Per\u00edn,\nFontana y G\u00fcemes\u00bb, puntualiz\u00f3.<\/p>\n\n\n\n<p>En\nese sentido, la doctora Mirassou se\u00f1al\u00f3 que \u00aben breve vendr\u00e1 otra tanda\nporque se ve que ellos, a su vez, se comunican con colegas y (les cuentan que)\nla provincia cumple lo que prometi\u00f3\u00bb, marcando que adem\u00e1s \u00abfacilita\ntoda la cuesti\u00f3n de la vivienda y los traslados, ya que nos hacemos cargo de\nrecibirlos bien. Nosotros con ello estamos pudiendo responder a la poblaci\u00f3n\ndel interior que nos demanda la presencia de m\u00e1s profesionales m\u00e9dicos\u00bb,\nfinaliz\u00f3.&nbsp;<\/p>\n","protected":false},"excerpt":{"rendered":"<p>El ministerio de Desarrollo Humano sum\u00f3 m\u00e9dicos de otros pa\u00edses para desempe\u00f1arse en distintas localidades del interior provincial, precis\u00f3 la doctora Cristina Mirassou, subsecretaria de Gesti\u00f3n de Establecimientos Asistenciales de la cartera sanitaria. \u00abSe han incorporado m\u00e9dicos de otros pa\u00edses, por ejemplo, una pareja boliviana que est\u00e1 en Ingeniero Ju\u00e1rez y m\u00e9dicos venezolanos, lo cual [&hellip;]<\/p>\n","protected":false},"author":11,"featured_media":38588,"comment_status":"open","ping_status":"open","sticky":false,"template":"","format":"standard","meta":{"footnotes":""},"categories":[12],"tags":[],"class_list":["post-38579","post","type-post","status-publish","format-standard","has-post-thumbnail","hentry","category-salud"],"_links":{"self":[{"href":"http:\/\/informeformosa.com.ar\/index.php?rest_route=\/wp\/v2\/posts\/38579","targetHints":{"allow":["GET"]}}],"collection":[{"href":"http:\/\/informeformosa.com.ar\/index.php?rest_route=\/wp\/v2\/posts"}],"about":[{"href":"http:\/\/informeformosa.com.ar\/index.php?rest_route=\/wp\/v2\/types\/post"}],"author":[{"embeddable":true,"href":"http:\/\/informeformosa.com.ar\/index.php?rest_route=\/wp\/v2\/users\/11"}],"replies":[{"embeddable":true,"href":"http:\/\/informeformosa.com.ar\/index.php?rest_route=%2Fwp%2Fv2%2Fcomments&post=38579"}],"version-history":[{"count":1,"href":"http:\/\/informeformosa.com.ar\/index.php?rest_route=\/wp\/v2\/posts\/38579\/revisions"}],"predecessor-version":[{"id":38589,"href":"http:\/\/informeformosa.com.ar\/index.php?rest_route=\/wp\/v2\/posts\/38579\/revisions\/38589"}],"wp:featuredmedia":[{"embeddable":true,"href":"http:\/\/informeformosa.com.ar\/index.php?rest_route=\/wp\/v2\/media\/38588"}],"wp:attachment":[{"href":"http:\/\/informeformosa.com.ar\/index.php?rest_route=%2Fwp%2Fv2%2Fmedia&parent=38579"}],"wp:term":[{"taxonomy":"category","embeddable":true,"href":"http:\/\/informeformosa.com.ar\/index.php?rest_route=%2Fwp%2Fv2%2Fcategories&post=38579"},{"taxonomy":"post_tag","embeddable":true,"href":"http:\/\/informeformosa.com.ar\/index.php?rest_route=%2Fwp%2Fv2%2Ftags&post=38579"}],"curies":[{"name":"wp","href":"https:\/\/api.w.org\/{rel}","templated":true}]}}