{"id":38577,"date":"2019-08-12T19:41:25","date_gmt":"2019-08-12T22:41:25","guid":{"rendered":"http:\/\/informeformosa.com.ar\/?p=38577"},"modified":"2019-08-12T19:41:29","modified_gmt":"2019-08-12T22:41:29","slug":"basterra-vaticina-como-factible-que-el-fdt-local-coloque-sus-tres-candidatos-a-diputados","status":"publish","type":"post","link":"http:\/\/informeformosa.com.ar\/?p=38577","title":{"rendered":"Basterra vaticina como factible que el FdT local coloque sus tres candidatos a diputados"},"content":{"rendered":"\n<p>El\ningeniero Luis Basterra, candidato electo a diputado nacional de Formosa por el\nFrente de Todos (FdT), destac\u00f3 el \u00abcontundente triunfo\u00bb en las urnas\nque obtuvo la f\u00f3rmula Alberto Fern\u00e1ndez-Cristina Fern\u00e1ndez, entendiendo que ha\nsido \u00abuna expresi\u00f3n de la voluntad de la gente hacia una genuina\ntransformaci\u00f3n de la Argentina\u00bb.<\/p>\n\n\n\n<p>\u00abEst\u00e1\nclaro que hemos tenido un contundente triunfo y esto expresa una identidad del\nciudadano con nuestra propuesta\u00bb, se\u00f1al\u00f3 el actual diputado nacional.\n\u00abSi bien es dif\u00edcil estar felices en un escenario as\u00ed, estamos contentos\nde que el resultado haya sido muy positivo para lo que entendemos nosotros es\nla salida del pa\u00eds\u00bb, expres\u00f3.<\/p>\n\n\n\n<p>Indic\u00f3\nque \u00abno hemos ganado nada todav\u00eda, pero s\u00ed hemos tenido una expresi\u00f3n de\nla voluntad de la gente hacia una genuina transformaci\u00f3n de la Argentina y\nretomar un camino de desarrollo, equidad y federalismo\u00bb, manifestando que\n\u00abvamos a tener que seguir profundizando esta l\u00ednea\u00bb.<\/p>\n\n\n\n<p>De\ncara a las elecciones presidenciales refiri\u00f3 que \u00abtenemos ya un nivel de aceptaci\u00f3n\nde la propuesta que nos alienta a ir por aquel ciudadano al que no llegamos\nporque no hemos tenido la posibilidad de encontrar la forma de dialogar o que\npueda interpretar y asumir nuestros planteos, incluso dar el debate con\naquellos que han tenido una posici\u00f3n distinta a la que nosotros hemos ofrecido\npara demostrar que nuestra propuesta tiene la mejor alternativa para salir de\nla profunda crisis a la que nos ha llevado el presidente Mauricio Macri\u00bb.<\/p>\n\n\n\n<p>En\nese sentido, marc\u00f3 que \u00abse necesitan tres representantes del Modelo\nFormose\u00f1o en Buenos Aires para que podamos potenciar los resultados que ha\ntra\u00eddo en su momento la Reparaci\u00f3n Hist\u00f3rica firmada por N\u00e9stor Kirchner y que\nahora se ha comprometido (en su continuidad) Alberto Fern\u00e1ndez para su gesti\u00f3n\nen la eventualidad de que sea electo presidente\u00bb.<\/p>\n\n\n\n<p>Optimista\nvaticin\u00f3 que \u201ces factible que sean tres los diputados nacionales que respondan\nal modelo formose\u00f1o los que lleguen al Congreso. Para ese objetivo no falta\nmucho, tenemos que triplicar al segundo, con algunos puntos m\u00e1s lo lograremos\u201d.<\/p>\n\n\n\n<p>Consultado\nsobre sus expectativas con miras a octubre, signific\u00f3 Basterra que\n\u00abqueremos que los tres representantes de Formosa sean del Modelo\nFormose\u00f1o\u00bb, remarcando que \u00abseamos nosotros, que estamos\nabsolutamente comprometidos con el proyecto del gobernador Gildo Insfr\u00e1n, los\nque representemos a la provincia en un Congreso muy equilibrado, ya que no\nhabr\u00e1 mayor\u00eda absoluta, con lo cual un voto m\u00e1s para nuestro espacio tiene una\nalt\u00edsima relevancia al momento de legislar\u00bb.<\/p>\n\n\n\n<p>Retomar\nel crecimiento<\/p>\n\n\n\n<p>\u00ab\u00c9se\nes el debate que daremos, ya que est\u00e1 claro cu\u00e1les han sido nuestras\npropuestas, no s\u00f3lo en el plano legislativo, sino tambi\u00e9n la importancia de que\nlo que hagamos en la Legislatura se manifieste en cuestiones concretas como una\nnueva Reparaci\u00f3n Hist\u00f3rica que nos permita pensar en retomar este camino que\ntuvimos con N\u00e9stor y Cristina de rutas pavimentadas, energ\u00eda el\u00e9ctrica,\nescuelas, hospitales, etc\u00e9tera, lo cual ha sido totalmente frenado en estos\n\u00faltimos cuatro a\u00f1os\u00bb, subray\u00f3.<\/p>\n\n\n\n<p>Seg\u00fan\nentendi\u00f3 Basterra, con este triunfo contundente del FdT en las urnas \u00abel\npueblo argentino transmiti\u00f3 que este proyecto de Macri no ha resuelto ninguno\nde los problemas que ten\u00edamos en 2015\u00bb, reprochando que \u00abha generado\nnuevos problemas que evidentemente a la gente le han cambiado la vida para\npeor, ya que hoy tienen una situaci\u00f3n y falta de futuro mucho m\u00e1s graves de los\nque ya ten\u00eda. Y este domingo la gente decidi\u00f3 tomar otro camino y as\u00ed lo\nexpres\u00f3, decisivamente, en las urnas\u00bb, sentenci\u00f3.&nbsp;<\/p>\n","protected":false},"excerpt":{"rendered":"<p>El ingeniero Luis Basterra, candidato electo a diputado nacional de Formosa por el Frente de Todos (FdT), destac\u00f3 el \u00abcontundente triunfo\u00bb en las urnas que obtuvo la f\u00f3rmula Alberto Fern\u00e1ndez-Cristina Fern\u00e1ndez, entendiendo que ha sido \u00abuna expresi\u00f3n de la voluntad de la gente hacia una genuina transformaci\u00f3n de la Argentina\u00bb. \u00abEst\u00e1 claro que hemos tenido [&hellip;]<\/p>\n","protected":false},"author":11,"featured_media":38585,"comment_status":"open","ping_status":"open","sticky":false,"template":"","format":"standard","meta":{"footnotes":""},"categories":[6],"tags":[],"class_list":["post-38577","post","type-post","status-publish","format-standard","has-post-thumbnail","hentry","category-nacionales"],"_links":{"self":[{"href":"http:\/\/informeformosa.com.ar\/index.php?rest_route=\/wp\/v2\/posts\/38577","targetHints":{"allow":["GET"]}}],"collection":[{"href":"http:\/\/informeformosa.com.ar\/index.php?rest_route=\/wp\/v2\/posts"}],"about":[{"href":"http:\/\/informeformosa.com.ar\/index.php?rest_route=\/wp\/v2\/types\/post"}],"author":[{"embeddable":true,"href":"http:\/\/informeformosa.com.ar\/index.php?rest_route=\/wp\/v2\/users\/11"}],"replies":[{"embeddable":true,"href":"http:\/\/informeformosa.com.ar\/index.php?rest_route=%2Fwp%2Fv2%2Fcomments&post=38577"}],"version-history":[{"count":1,"href":"http:\/\/informeformosa.com.ar\/index.php?rest_route=\/wp\/v2\/posts\/38577\/revisions"}],"predecessor-version":[{"id":38597,"href":"http:\/\/informeformosa.com.ar\/index.php?rest_route=\/wp\/v2\/posts\/38577\/revisions\/38597"}],"wp:featuredmedia":[{"embeddable":true,"href":"http:\/\/informeformosa.com.ar\/index.php?rest_route=\/wp\/v2\/media\/38585"}],"wp:attachment":[{"href":"http:\/\/informeformosa.com.ar\/index.php?rest_route=%2Fwp%2Fv2%2Fmedia&parent=38577"}],"wp:term":[{"taxonomy":"category","embeddable":true,"href":"http:\/\/informeformosa.com.ar\/index.php?rest_route=%2Fwp%2Fv2%2Fcategories&post=38577"},{"taxonomy":"post_tag","embeddable":true,"href":"http:\/\/informeformosa.com.ar\/index.php?rest_route=%2Fwp%2Fv2%2Ftags&post=38577"}],"curies":[{"name":"wp","href":"https:\/\/api.w.org\/{rel}","templated":true}]}}