{"id":38559,"date":"2019-08-11T19:15:21","date_gmt":"2019-08-11T22:15:21","guid":{"rendered":"http:\/\/informeformosa.com.ar\/?p=38559"},"modified":"2019-08-11T19:15:30","modified_gmt":"2019-08-11T22:15:30","slug":"turismo-social-en-el-banado-la-estrella","status":"publish","type":"post","link":"http:\/\/informeformosa.com.ar\/?p=38559","title":{"rendered":"Turismo social en el ba\u00f1ado La Estrella"},"content":{"rendered":"\n<p>Como parte del programa de Turismo Social que sigue\nllevando adelante el Ministerio de Turismo, un contingente de alumnos y\nprofesores de la EPES 26 de la localidad de Gran Guardia, visitaron la zona de\nEl Vertedero, el Ba\u00f1ado La Estrella y diversos atractivos tur\u00edsticos del\nCorredor Ecotur\u00edstico del Litoral. <\/p>\n\n\n\n<p>Partiendo de dicha localidad, hicieron una escala en Palo\nSanto para desayunar y luego dirigirse al Ba\u00f1ado, donde pudieron realizar\npaseos n\u00e1uticos en el punto llamado El Vertedero, a unos 45 km de la ciudad de\nLas Lomitas, donde, seg\u00fan la temporada se pueden observar desde la ruta yacar\u00e9s,\nserpientes y diferentes tipos de peces.<\/p>\n\n\n\n<p>Sobre esto, en este recorrido por la maravilla natural,\nse realiza especialmente avistaje de aves. De hecho, el \u00e1rea es una de las m\u00e1s\nimportantes para la conservaci\u00f3n de aves en Argentina. La misma fue declarada\nzona AICA (\u00c1rea Importante para Conservaci\u00f3n de Aves). <\/p>\n\n\n\n<p>El contingente adem\u00e1s comparti\u00f3 momentos con la etnia\nPilag\u00e1, de la comunidad de Campo del Cielo, donde tuvieron la\nposibilidad de conocer las principales actividades de la misma, sus artesan\u00edas\nt\u00edpicas y el sostenido proceso de integraci\u00f3n y desarrollo de dicha comunidad. <\/p>\n\n\n\n<p>Tambi\u00e9n visitaron la localidad de Ibarreta, donde\nadquirieron diversos art\u00edculos en la \u00a8Cooperativa Productos Regionales\u00a8, que se\ndedica a la producci\u00f3n textil, como prendas de vestir, juegos de s\u00e1banas,\ntoallas, almohadones, entre otros.&nbsp;<\/p>\n\n\n\n<p>Turismo Social es un programa que lleva a cabo el\nMinisterio de Turismo de la Provincia de Formosa. Y es la\nejecuci\u00f3n&nbsp; de las pol\u00edticas p\u00fablicas del Gobierno Provincial para hacer\nefectivo el derecho a la recreaci\u00f3n y esparcimiento de los ni\u00f1os,\nj\u00f3venes y adultos mayores de nuestra provincia.<\/p>\n","protected":false},"excerpt":{"rendered":"<p>Como parte del programa de Turismo Social que sigue llevando adelante el Ministerio de Turismo, un contingente de alumnos y profesores de la EPES 26 de la localidad de Gran Guardia, visitaron la zona de El Vertedero, el Ba\u00f1ado La Estrella y diversos atractivos tur\u00edsticos del Corredor Ecotur\u00edstico del Litoral. Partiendo de dicha localidad, hicieron [&hellip;]<\/p>\n","protected":false},"author":11,"featured_media":38562,"comment_status":"open","ping_status":"open","sticky":false,"template":"","format":"standard","meta":{"footnotes":""},"categories":[19],"tags":[],"class_list":["post-38559","post","type-post","status-publish","format-standard","has-post-thumbnail","hentry","category-turismo"],"_links":{"self":[{"href":"http:\/\/informeformosa.com.ar\/index.php?rest_route=\/wp\/v2\/posts\/38559","targetHints":{"allow":["GET"]}}],"collection":[{"href":"http:\/\/informeformosa.com.ar\/index.php?rest_route=\/wp\/v2\/posts"}],"about":[{"href":"http:\/\/informeformosa.com.ar\/index.php?rest_route=\/wp\/v2\/types\/post"}],"author":[{"embeddable":true,"href":"http:\/\/informeformosa.com.ar\/index.php?rest_route=\/wp\/v2\/users\/11"}],"replies":[{"embeddable":true,"href":"http:\/\/informeformosa.com.ar\/index.php?rest_route=%2Fwp%2Fv2%2Fcomments&post=38559"}],"version-history":[{"count":1,"href":"http:\/\/informeformosa.com.ar\/index.php?rest_route=\/wp\/v2\/posts\/38559\/revisions"}],"predecessor-version":[{"id":38563,"href":"http:\/\/informeformosa.com.ar\/index.php?rest_route=\/wp\/v2\/posts\/38559\/revisions\/38563"}],"wp:featuredmedia":[{"embeddable":true,"href":"http:\/\/informeformosa.com.ar\/index.php?rest_route=\/wp\/v2\/media\/38562"}],"wp:attachment":[{"href":"http:\/\/informeformosa.com.ar\/index.php?rest_route=%2Fwp%2Fv2%2Fmedia&parent=38559"}],"wp:term":[{"taxonomy":"category","embeddable":true,"href":"http:\/\/informeformosa.com.ar\/index.php?rest_route=%2Fwp%2Fv2%2Fcategories&post=38559"},{"taxonomy":"post_tag","embeddable":true,"href":"http:\/\/informeformosa.com.ar\/index.php?rest_route=%2Fwp%2Fv2%2Ftags&post=38559"}],"curies":[{"name":"wp","href":"https:\/\/api.w.org\/{rel}","templated":true}]}}