{"id":38554,"date":"2019-08-11T18:55:05","date_gmt":"2019-08-11T21:55:05","guid":{"rendered":"http:\/\/informeformosa.com.ar\/?p=38554"},"modified":"2019-08-11T18:55:07","modified_gmt":"2019-08-11T21:55:07","slug":"el-electo-vicegobernador-eber-solis-valoro-el-voto-de-camada-de-jovenes","status":"publish","type":"post","link":"http:\/\/informeformosa.com.ar\/?p=38554","title":{"rendered":"El electo vicegobernador Eber Sol\u00eds valoro el voto de camada de j\u00f3venes"},"content":{"rendered":"\n<p>El\nvicegobernador electo Eber Wilson Solis, valoro las nuevas camadas de j\u00f3venes que\nse suman al ejercicio democr\u00e1tico, sobre todo en el entusiasmo y la confianza\napreciada en ser parte activa de un nuevo proceso pol\u00edtico en el pa\u00eds en\ngeneral y la provincia en particular.<\/p>\n\n\n\n<p>Tras\nvotar en la Escuela 217 \u201cPaula Albarrac\u00edn\u201d del barrio Bernardino Rivadavia de\nesta ciudad, pondero uno de los hechos pol\u00edticos trascendentes producidos por\nel modelo nacional y popular que encarno CFK hasta el 2015, determinando el\nsufragio &nbsp;optativo desde 2012 y tuvo en\n2017 la participaci\u00f3n en los comicios de m\u00e1s de la mitad de los adolescentes\nhabilitados.<\/p>\n\n\n\n<p>En\nla provincia se cuantificaron en cerca de 16 mil j\u00f3venes los que votaban por\nprimera vez en estas PASO.<\/p>\n\n\n\n<p>Refiri\u00f3\na la normalidad de las elecciones en esta ciudad y todo el interior, algo sobre\nel cual de manera coincidente le confirmaron fiscales de mesa, y que desde hace\na\u00f1os le corresponde cumplir con el deber c\u00edvico en la escuela del ex Lote 4. \u201cEsta\njornada la vivo con enorme felicidad &nbsp;y mucha\nresponsabilidad, sobre todo a partir del clima de paz social que el pueblo\nformose\u00f1o demuestra en cada acto comicial\u201d, apreci\u00f3.<\/p>\n\n\n\n<p>Afirmo\nque estuvo en varios establecimientos educativos, y que esperar\u00e1 los resultados\nen la Casa de Gobierno, junto al gobernador Gildo Insfr\u00e1n y el equipo de\ntrabajo que acompa\u00f1a al mandatario provincial.<\/p>\n","protected":false},"excerpt":{"rendered":"<p>El vicegobernador electo Eber Wilson Solis, valoro las nuevas camadas de j\u00f3venes que se suman al ejercicio democr\u00e1tico, sobre todo en el entusiasmo y la confianza apreciada en ser parte activa de un nuevo proceso pol\u00edtico en el pa\u00eds en general y la provincia en particular. Tras votar en la Escuela 217 \u201cPaula Albarrac\u00edn\u201d del [&hellip;]<\/p>\n","protected":false},"author":11,"featured_media":38557,"comment_status":"open","ping_status":"open","sticky":false,"template":"","format":"standard","meta":{"footnotes":""},"categories":[21],"tags":[],"class_list":["post-38554","post","type-post","status-publish","format-standard","has-post-thumbnail","hentry","category-provinciales"],"_links":{"self":[{"href":"http:\/\/informeformosa.com.ar\/index.php?rest_route=\/wp\/v2\/posts\/38554","targetHints":{"allow":["GET"]}}],"collection":[{"href":"http:\/\/informeformosa.com.ar\/index.php?rest_route=\/wp\/v2\/posts"}],"about":[{"href":"http:\/\/informeformosa.com.ar\/index.php?rest_route=\/wp\/v2\/types\/post"}],"author":[{"embeddable":true,"href":"http:\/\/informeformosa.com.ar\/index.php?rest_route=\/wp\/v2\/users\/11"}],"replies":[{"embeddable":true,"href":"http:\/\/informeformosa.com.ar\/index.php?rest_route=%2Fwp%2Fv2%2Fcomments&post=38554"}],"version-history":[{"count":1,"href":"http:\/\/informeformosa.com.ar\/index.php?rest_route=\/wp\/v2\/posts\/38554\/revisions"}],"predecessor-version":[{"id":38558,"href":"http:\/\/informeformosa.com.ar\/index.php?rest_route=\/wp\/v2\/posts\/38554\/revisions\/38558"}],"wp:featuredmedia":[{"embeddable":true,"href":"http:\/\/informeformosa.com.ar\/index.php?rest_route=\/wp\/v2\/media\/38557"}],"wp:attachment":[{"href":"http:\/\/informeformosa.com.ar\/index.php?rest_route=%2Fwp%2Fv2%2Fmedia&parent=38554"}],"wp:term":[{"taxonomy":"category","embeddable":true,"href":"http:\/\/informeformosa.com.ar\/index.php?rest_route=%2Fwp%2Fv2%2Fcategories&post=38554"},{"taxonomy":"post_tag","embeddable":true,"href":"http:\/\/informeformosa.com.ar\/index.php?rest_route=%2Fwp%2Fv2%2Ftags&post=38554"}],"curies":[{"name":"wp","href":"https:\/\/api.w.org\/{rel}","templated":true}]}}