{"id":38553,"date":"2019-08-11T18:52:35","date_gmt":"2019-08-11T21:52:35","guid":{"rendered":"http:\/\/informeformosa.com.ar\/?p=38553"},"modified":"2019-08-11T18:52:38","modified_gmt":"2019-08-11T21:52:38","slug":"samaniego-entendemos-que-la-argentina-debe-cambiar-para-mejor","status":"publish","type":"post","link":"http:\/\/informeformosa.com.ar\/?p=38553","title":{"rendered":"Samaniego: \u201cEntendemos que la  Argentina debe cambiar para mejor\u201d"},"content":{"rendered":"\n<p>El\nprecandidato a diputado nacional titular de Formosa por el Frente de Todos\n(FdT), Agust\u00edn Samaniego, resalt\u00f3 que \u201cesperaremos los resultados con\noptimismo, sabiendo que es una primera parte de un proceso eleccionario que\ntermina el 27 de octubre\u201d.<\/p>\n\n\n\n<p>En\nun primer t\u00e9rmino remarc\u00f3 que al sufragar \u201cestamos expresando una forma de\nvivir, as\u00ed como lo hemos hecho los formose\u00f1os en las elecciones provinciales\ndel 16 de junio pasado\u201d, apreciando que \u201cfue un d\u00eda que se vivi\u00f3 con total\nnormalidad, alegr\u00eda, muchos j\u00f3venes que votaron por primera vez y tambi\u00e9n\npersonas que por arriba de los 70 a\u00f1os que no est\u00e1n obligadas a votar as\u00ed lo\nhicieron\u201d.<\/p>\n\n\n\n<p>\u201cEste\nes un momento trascendental, \u00fanico en la historia de nuestra provincia y de la\nArgentina\u201d, sentenci\u00f3, indicando que \u201chay que abrir el camino: son dos partes,\nesta, las PASO, y despu\u00e9s el 27 de octubre, pero la victoria la debemos empezar\na construir este domingo porque estas primarias son una gran encuesta que le va\na dar un impulso muy fuerte a nuestra visi\u00f3n de pa\u00eds y a la opci\u00f3n que le hemos\npresentado a los argentinos\u201d.<\/p>\n\n\n\n<p>Desde\nel FdT \u201centendemos que la Argentina debe cambiar para mejor porque necesitamos\nun pa\u00eds para todos\u201d, asever\u00f3 Samaniego, subrayando que \u201ctodas las oportunidades\nque tengamos los formose\u00f1os y los argentinos de votar y poder expresarnos\nlibremente debemos aprovecharlas y votar\u201d. &nbsp;<\/p>\n\n\n\n<p>\u201cEsta\nelecci\u00f3n abre un camino hacia el 27 de octubre as\u00ed que hay que votar con mucha\nresponsabilidad, sabiendo que con nuestro voto estamos inclinando el futuro de\nnuestros hijos y nietos para un lado o para el otro, no solamente para los\npr\u00f3ximos cuatro a\u00f1os, sino que son proyectos que pueden inclinar al mediano y\nlargo plazo\u201d, analiz\u00f3.<\/p>\n\n\n\n<p>Asever\u00f3\na su vez que \u201cfue una campa\u00f1a larga donde la gente escuch\u00f3 todas las\npropuestas. Nosotros no s\u00f3lo que hemos hablado de lo que vamos a hacer, sino\nque fundamentalmente de lo que hicimos hasta ahora\u201d, resaltando que\n\u201cesperaremos los resultados con optimismo, sabiendo que es una primera parte de\nun proceso eleccionario que termina el 27 de octubre\u201d.<\/p>\n","protected":false},"excerpt":{"rendered":"<p>El precandidato a diputado nacional titular de Formosa por el Frente de Todos (FdT), Agust\u00edn Samaniego, resalt\u00f3 que \u201cesperaremos los resultados con optimismo, sabiendo que es una primera parte de un proceso eleccionario que termina el 27 de octubre\u201d. En un primer t\u00e9rmino remarc\u00f3 que al sufragar \u201cestamos expresando una forma de vivir, as\u00ed como [&hellip;]<\/p>\n","protected":false},"author":11,"featured_media":38555,"comment_status":"open","ping_status":"open","sticky":false,"template":"","format":"standard","meta":{"footnotes":""},"categories":[21],"tags":[],"class_list":["post-38553","post","type-post","status-publish","format-standard","has-post-thumbnail","hentry","category-provinciales"],"_links":{"self":[{"href":"http:\/\/informeformosa.com.ar\/index.php?rest_route=\/wp\/v2\/posts\/38553","targetHints":{"allow":["GET"]}}],"collection":[{"href":"http:\/\/informeformosa.com.ar\/index.php?rest_route=\/wp\/v2\/posts"}],"about":[{"href":"http:\/\/informeformosa.com.ar\/index.php?rest_route=\/wp\/v2\/types\/post"}],"author":[{"embeddable":true,"href":"http:\/\/informeformosa.com.ar\/index.php?rest_route=\/wp\/v2\/users\/11"}],"replies":[{"embeddable":true,"href":"http:\/\/informeformosa.com.ar\/index.php?rest_route=%2Fwp%2Fv2%2Fcomments&post=38553"}],"version-history":[{"count":1,"href":"http:\/\/informeformosa.com.ar\/index.php?rest_route=\/wp\/v2\/posts\/38553\/revisions"}],"predecessor-version":[{"id":38556,"href":"http:\/\/informeformosa.com.ar\/index.php?rest_route=\/wp\/v2\/posts\/38553\/revisions\/38556"}],"wp:featuredmedia":[{"embeddable":true,"href":"http:\/\/informeformosa.com.ar\/index.php?rest_route=\/wp\/v2\/media\/38555"}],"wp:attachment":[{"href":"http:\/\/informeformosa.com.ar\/index.php?rest_route=%2Fwp%2Fv2%2Fmedia&parent=38553"}],"wp:term":[{"taxonomy":"category","embeddable":true,"href":"http:\/\/informeformosa.com.ar\/index.php?rest_route=%2Fwp%2Fv2%2Fcategories&post=38553"},{"taxonomy":"post_tag","embeddable":true,"href":"http:\/\/informeformosa.com.ar\/index.php?rest_route=%2Fwp%2Fv2%2Ftags&post=38553"}],"curies":[{"name":"wp","href":"https:\/\/api.w.org\/{rel}","templated":true}]}}